{"id":2860,"date":"2020-05-27T13:56:21","date_gmt":"2020-05-27T18:56:21","guid":{"rendered":"https:\/\/encuentroinformativo.com\/?p=2860"},"modified":"2020-05-27T13:56:23","modified_gmt":"2020-05-27T18:56:23","slug":"taxistas-no-respetan-medidas-sanitarias-por-covid-19","status":"publish","type":"post","link":"https:\/\/encuentroinformativo.com.mx\/?p=2860","title":{"rendered":"Taxistas no respetan medidas sanitarias por Covid-19"},"content":{"rendered":"\n<p><strong>Juan Arcos <\/strong><\/p>\n\n\n\n<p>Xalapa, Ver.- Algunos taxistas de Xalapa contin\u00faan laborando como colectivos sin respetar la sana distancia y el decreto emitido por el gobernador Cuitl\u00e1huac Garc\u00eda Jim\u00e9nez, para frenar la ola de contagios de COVID-19 en Veracruz.<\/p>\n\n\n\n<p>As\u00ed lo dio a conocer Apolinar D\u00edaz Luna, coordinador del Consejo de Transportistas del Estado de Veracruz, quien a\u00f1adi\u00f3 que se han topado con la irresponsabilidad por parte de algunos choferes.<\/p>\n\n\n\n<p>El entrevistado indic\u00f3 que se trata de conductores que no pertenecen a alguna organizaci\u00f3n, quienes se niegan a aplicar las medidas sanitarias, pues tampoco usan cubrebocas, ni proporcionan gel antibacterial a los pasajeros.<\/p>\n\n\n\n<p>Cabe recordar que se han registrado quejas ciudadanas sobre dicha situaci\u00f3n en la zona del mercado Los Sauces.<\/p>\n\n\n\n<p>El l\u00edder de taxistas indic\u00f3 que no todos los agremiados est\u00e1n a acatando el decreto del Gobernador, donde establece que los taxis s\u00f3lo pueden brindar servicio a dos personas en cada corrida.<\/p>\n\n\n\n<p>\u201cAqu\u00ed s\u00ed se ha vuelto complicado por el bajo trabajo y la disminuci\u00f3n en el abordar del pasaje se vuelve m\u00e1s complicado, los choferes por la propia necesidad se arriesgan a subir m\u00e1s de los dos pasajeros\u201d.<\/p>\n\n\n\n<p>D\u00edaz Luna detall\u00f3 que aunque no se estableci\u00f3 una sanci\u00f3n a los taxistas por no reducir el n\u00famero de sus pasajeros, los agentes de tr\u00e1nsito y transporte p\u00fablico los exhortan a acatar las medidas y, en caso de reincidir, les retiran la unidad y los conductores tienen que cubrir los gastos del arrastre de la gr\u00faa y el corral\u00f3n.<\/p>\n\n\n\n<p>\u201cSale m\u00e1s caro pagar la gr\u00faa y el d\u00eda de encierro que acatar la disposici\u00f3n\u201d, enfatiz\u00f3 el Coordinador del Consejo de Transportistas del Estado de Veracruz.<br>En ese sentido, exhort\u00f3 al gremio taxista a que acate las medidas sanitarias y as\u00ed contribuya a que cesen los contagios de COVID-19.<\/p>\n\n\n\n<p><\/p>\n","protected":false},"excerpt":{"rendered":"<p>Juan Arcos Xalapa, Ver.- Algunos taxistas de Xalapa contin\u00faan laborando como colectivos sin respetar la sana distancia y el decreto emitido por el gobernador Cuitl\u00e1huac Garc\u00eda Jim\u00e9nez, para frenar la ola de contagios de COVID-19 en Veracruz. As\u00ed lo dio a conocer Apolinar D\u00edaz Luna, coordinador del Consejo de Transportistas del Estado de Veracruz, quien [&hellip;]<\/p>\n","protected":false},"author":1,"featured_media":2859,"comment_status":"open","ping_status":"open","sticky":false,"template":"","format":"standard","meta":{"_jetpack_memberships_contains_paid_content":false,"footnotes":""},"categories":[3],"tags":[],"class_list":["post-2860","post","type-post","status-publish","format-standard","has-post-thumbnail","hentry","category-xalapa"],"jetpack_featured_media_url":"https:\/\/encuentroinformativo.com.mx\/wp-content\/uploads\/2020\/05\/61D93C40-2213-4B6D-994D-783E56D4820C.jpeg","jetpack_sharing_enabled":true,"jetpack_likes_enabled":true,"amp_enabled":true,"_links":{"self":[{"href":"https:\/\/encuentroinformativo.com.mx\/index.php?rest_route=\/wp\/v2\/posts\/2860","targetHints":{"allow":["GET"]}}],"collection":[{"href":"https:\/\/encuentroinformativo.com.mx\/index.php?rest_route=\/wp\/v2\/posts"}],"about":[{"href":"https:\/\/encuentroinformativo.com.mx\/index.php?rest_route=\/wp\/v2\/types\/post"}],"author":[{"embeddable":true,"href":"https:\/\/encuentroinformativo.com.mx\/index.php?rest_route=\/wp\/v2\/users\/1"}],"replies":[{"embeddable":true,"href":"https:\/\/encuentroinformativo.com.mx\/index.php?rest_route=%2Fwp%2Fv2%2Fcomments&post=2860"}],"version-history":[{"count":1,"href":"https:\/\/encuentroinformativo.com.mx\/index.php?rest_route=\/wp\/v2\/posts\/2860\/revisions"}],"predecessor-version":[{"id":2861,"href":"https:\/\/encuentroinformativo.com.mx\/index.php?rest_route=\/wp\/v2\/posts\/2860\/revisions\/2861"}],"wp:featuredmedia":[{"embeddable":true,"href":"https:\/\/encuentroinformativo.com.mx\/index.php?rest_route=\/wp\/v2\/media\/2859"}],"wp:attachment":[{"href":"https:\/\/encuentroinformativo.com.mx\/index.php?rest_route=%2Fwp%2Fv2%2Fmedia&parent=2860"}],"wp:term":[{"taxonomy":"category","embeddable":true,"href":"https:\/\/encuentroinformativo.com.mx\/index.php?rest_route=%2Fwp%2Fv2%2Fcategories&post=2860"},{"taxonomy":"post_tag","embeddable":true,"href":"https:\/\/encuentroinformativo.com.mx\/index.php?rest_route=%2Fwp%2Fv2%2Ftags&post=2860"}],"curies":[{"name":"wp","href":"https:\/\/api.w.org\/{rel}","templated":true}]}}