{"id":28604,"date":"2022-06-20T13:33:44","date_gmt":"2022-06-20T18:33:44","guid":{"rendered":"https:\/\/encuentroinformativo.com.mx\/?p=28604"},"modified":"2022-06-20T13:33:48","modified_gmt":"2022-06-20T18:33:48","slug":"solo-8-ayuntamientos-de-veracruz-cuentan-con-direccion-de-diversidad-sexual","status":"publish","type":"post","link":"https:\/\/encuentroinformativo.com.mx\/?p=28604","title":{"rendered":"S\u00f3lo 8 Ayuntamientos de Veracruz cuentan con direcci\u00f3n de Diversidad Sexual"},"content":{"rendered":"\n<p><strong>Alejandro \u00c1vila<\/strong><\/p>\n\n\n\n<p><strong>Fotos: <\/strong>Alsharami Hern\u00e1ndez\/Cortes\u00eda <\/p>\n\n\n\n<p>Tlacotalpan, Ver.- \u00danicamente 8 Ayuntamientos de los 212 cuentan con una direcci\u00f3n de Atenci\u00f3n a Diversidad Sexual, mencion\u00f3 el diputade, Gonzalo Iv\u00e1n Dur\u00e1n Chincoya.<\/p>\n\n\n\n<p>El legislador local mencion\u00f3 que, buscar\u00e1 promover a trav\u00e9s del Congreso de Veracruz qu\u00e9 en todos los municipios exista la direcci\u00f3n de Atenci\u00f3n a la Diversidad Sexual, tal como existen las direcciones de Juventud o los Institutos Municipales de la Mujer.<\/p>\n\n\n\n<p>&#8220;Desde que asum\u00ed el cargo, parte de mi agenda LGBTIQ+ en el estado, era la de impulsar la creaci\u00f3n, donde no hab\u00eda direcciones de Atenciones a la Diversidad Sexual [\u2026] Es donde hay un Instituto de la Mujer, un Instituto de la Juventud, o una direcci\u00f3n. Ahora habr\u00e1 una direcci\u00f3n de Atenci\u00f3n a la Diversidad Sexual&#8221;, apunt\u00f3.<\/p>\n\n\n\n<p>Este domingo y por segundo a\u00f1o consecutivo, se desarroll\u00f3 en el municipio de Tlacotalpan la Marcha del Orgullo LGBTIQ+, la cual promueve un alto a la discriminaci\u00f3n en contra de quienes se identifican y pertenecen a grupos de la diversidad sexual.&nbsp;<\/p>\n\n\n\n<p>Esta marcha encabezada por el Colectivo Tutifruti de Tlacotalpan, y logr\u00f3 reunir a integrantes de dicha comunidad de los municipios de San Andr\u00e9s Tuxtla, Santiago Tuxtla, \u00c1ngel R. Cabada, Lerdo de Tejada, Alvarado, Cosamaloapan, todos con un mismo objetivo, &#8220;un mundo inclusivo y sin violencia&#8221;.<\/p>\n\n\n\n<p>A este movimiento fue invitado el diputade local, Gonzalo Iv\u00e1n Dur\u00e1n Chincoya, quien reconoci\u00f3 la unidad de los colectivos de la Cuenca del Papaloapan y la regi\u00f3n de Los Tuxtlas; a la marcha se sum\u00f3 la directora del Instituto de la Mujer de Tlacotalpan, Rita Mar\u00eda Naranjo \u00c1lvarez.<\/p>\n\n\n\n<figure class=\"wp-block-image size-large\"><img loading=\"lazy\" decoding=\"async\" width=\"1024\" height=\"768\" src=\"https:\/\/encuentroinformativo.com.mx\/wp-content\/uploads\/2022\/06\/59A3EE87-A5BC-489A-81C1-74108E9B3F20-1024x768.jpeg\" alt=\"\" class=\"wp-image-28606\" srcset=\"https:\/\/encuentroinformativo.com.mx\/wp-content\/uploads\/2022\/06\/59A3EE87-A5BC-489A-81C1-74108E9B3F20-1024x768.jpeg 1024w, https:\/\/encuentroinformativo.com.mx\/wp-content\/uploads\/2022\/06\/59A3EE87-A5BC-489A-81C1-74108E9B3F20-300x225.jpeg 300w, https:\/\/encuentroinformativo.com.mx\/wp-content\/uploads\/2022\/06\/59A3EE87-A5BC-489A-81C1-74108E9B3F20-768x576.jpeg 768w, https:\/\/encuentroinformativo.com.mx\/wp-content\/uploads\/2022\/06\/59A3EE87-A5BC-489A-81C1-74108E9B3F20-1536x1152.jpeg 1536w, https:\/\/encuentroinformativo.com.mx\/wp-content\/uploads\/2022\/06\/59A3EE87-A5BC-489A-81C1-74108E9B3F20.jpeg 1600w\" sizes=\"auto, (max-width: 1024px) 100vw, 1024px\" \/><\/figure>\n\n\n\n<figure class=\"wp-block-jetpack-image-compare\"><div class=\"juxtapose\" data-mode=\"horizontal\"><img class=\"image-compare__image-before\"\/><img class=\"image-compare__image-after\"\/><\/div><\/figure>\n","protected":false},"excerpt":{"rendered":"<p>Alejandro \u00c1vila Fotos: Alsharami Hern\u00e1ndez\/Cortes\u00eda Tlacotalpan, Ver.- \u00danicamente 8 Ayuntamientos de los 212 cuentan con una direcci\u00f3n de Atenci\u00f3n a Diversidad Sexual, mencion\u00f3 el diputade, Gonzalo Iv\u00e1n Dur\u00e1n Chincoya. El legislador local mencion\u00f3 que, buscar\u00e1 promover a trav\u00e9s del Congreso de Veracruz qu\u00e9 en todos los municipios exista la direcci\u00f3n de Atenci\u00f3n a la Diversidad [&hellip;]<\/p>\n","protected":false},"author":1,"featured_media":28605,"comment_status":"open","ping_status":"open","sticky":false,"template":"","format":"standard","meta":{"_jetpack_memberships_contains_paid_content":false,"footnotes":""},"categories":[2],"tags":[],"class_list":["post-28604","post","type-post","status-publish","format-standard","has-post-thumbnail","hentry","category-estado"],"jetpack_featured_media_url":"https:\/\/encuentroinformativo.com.mx\/wp-content\/uploads\/2022\/06\/0F67389C-9E0B-4C13-82A8-F0D431ADC1B0.jpeg","jetpack_sharing_enabled":true,"jetpack_likes_enabled":true,"amp_enabled":true,"_links":{"self":[{"href":"https:\/\/encuentroinformativo.com.mx\/index.php?rest_route=\/wp\/v2\/posts\/28604","targetHints":{"allow":["GET"]}}],"collection":[{"href":"https:\/\/encuentroinformativo.com.mx\/index.php?rest_route=\/wp\/v2\/posts"}],"about":[{"href":"https:\/\/encuentroinformativo.com.mx\/index.php?rest_route=\/wp\/v2\/types\/post"}],"author":[{"embeddable":true,"href":"https:\/\/encuentroinformativo.com.mx\/index.php?rest_route=\/wp\/v2\/users\/1"}],"replies":[{"embeddable":true,"href":"https:\/\/encuentroinformativo.com.mx\/index.php?rest_route=%2Fwp%2Fv2%2Fcomments&post=28604"}],"version-history":[{"count":1,"href":"https:\/\/encuentroinformativo.com.mx\/index.php?rest_route=\/wp\/v2\/posts\/28604\/revisions"}],"predecessor-version":[{"id":28607,"href":"https:\/\/encuentroinformativo.com.mx\/index.php?rest_route=\/wp\/v2\/posts\/28604\/revisions\/28607"}],"wp:featuredmedia":[{"embeddable":true,"href":"https:\/\/encuentroinformativo.com.mx\/index.php?rest_route=\/wp\/v2\/media\/28605"}],"wp:attachment":[{"href":"https:\/\/encuentroinformativo.com.mx\/index.php?rest_route=%2Fwp%2Fv2%2Fmedia&parent=28604"}],"wp:term":[{"taxonomy":"category","embeddable":true,"href":"https:\/\/encuentroinformativo.com.mx\/index.php?rest_route=%2Fwp%2Fv2%2Fcategories&post=28604"},{"taxonomy":"post_tag","embeddable":true,"href":"https:\/\/encuentroinformativo.com.mx\/index.php?rest_route=%2Fwp%2Fv2%2Ftags&post=28604"}],"curies":[{"name":"wp","href":"https:\/\/api.w.org\/{rel}","templated":true}]}}