{"id":28608,"date":"2022-06-20T13:42:05","date_gmt":"2022-06-20T18:42:05","guid":{"rendered":"https:\/\/encuentroinformativo.com.mx\/?p=28608"},"modified":"2022-06-20T13:42:08","modified_gmt":"2022-06-20T18:42:08","slug":"evita-gobernador-confirmar-presunta-detencion-de-autor-intelectual-de-masacre-en-caballo-blanco","status":"publish","type":"post","link":"https:\/\/encuentroinformativo.com.mx\/?p=28608","title":{"rendered":"Evita Gobernador confirmar presunta detenci\u00f3n de autor intelectual de masacre en Caballo Blanco"},"content":{"rendered":"\n<p><strong>Dar\u00edo Pale <\/strong><\/p>\n\n\n\n<p>Xalapa, Ver.- El gobernador del estado Cuitl\u00e1huac Garc\u00eda Jim\u00e9nez no desminti\u00f3 la detenci\u00f3n o la presunta detenci\u00f3n de quien fuera el autor intelectual de la masacre en el bar Caballo Blanco, ocurrida en el municipio de Coatzacoalcos, el 27 de agosto de 2019.<\/p>\n\n\n\n<p>En conferencia de prensa el mandatario estatal asegur\u00f3 que no ten\u00eda registrada dicha detenci\u00f3n, sin embargo, dud\u00f3 sobre c\u00f3mo responder los cuestionamientos de s\u00ed la Fiscal\u00eda ten\u00eda algo al respecto.<\/p>\n\n\n\n<p>&#8220;No lo tengo registrado&#8230; pero esperemos que la autoridad correspondiente se pronuncie m\u00e1s adelante al respecto&#8230; se est\u00e1 trabajando en todos los temas&#8230; pero no podr\u00eda revelar lo si lo tuviera (alg\u00fan avance)&#8221;, se\u00f1al\u00f3.<\/p>\n\n\n\n<p>El titular del Ejecutivo admiti\u00f3 que si hubiera algo al respecto de esa detenci\u00f3n no lo podr\u00eda decir.<\/p>\n\n\n\n<p>Hay que recordar que el 27 de agosto de 2019, despu\u00e9s de las 21:00 horas, un grupo armado ingres\u00f3 al bar El Caballo Blanco, ubicado en la colonia Palma Sola, en la ciudad petrolera de Coatzacoalcos y ejecut\u00f3 a 32 personas, entre clientes y trabajadores.<\/p>\n\n\n\n<p>Por \u00faltimo cabe recordar que los delincuentes lanzaron bombas molotov y cerraron las salidas para incendiar el lugar.<\/p>\n","protected":false},"excerpt":{"rendered":"<p>Dar\u00edo Pale Xalapa, Ver.- El gobernador del estado Cuitl\u00e1huac Garc\u00eda Jim\u00e9nez no desminti\u00f3 la detenci\u00f3n o la presunta detenci\u00f3n de quien fuera el autor intelectual de la masacre en el bar Caballo Blanco, ocurrida en el municipio de Coatzacoalcos, el 27 de agosto de 2019. En conferencia de prensa el mandatario estatal asegur\u00f3 que no [&hellip;]<\/p>\n","protected":false},"author":1,"featured_media":28609,"comment_status":"open","ping_status":"open","sticky":false,"template":"","format":"standard","meta":{"_jetpack_memberships_contains_paid_content":false,"footnotes":""},"categories":[2],"tags":[],"class_list":["post-28608","post","type-post","status-publish","format-standard","has-post-thumbnail","hentry","category-estado"],"jetpack_featured_media_url":"https:\/\/encuentroinformativo.com.mx\/wp-content\/uploads\/2022\/06\/B47E8970-0112-4B9A-A4F6-B02192906335.jpeg","jetpack_sharing_enabled":true,"jetpack_likes_enabled":true,"amp_enabled":true,"_links":{"self":[{"href":"https:\/\/encuentroinformativo.com.mx\/index.php?rest_route=\/wp\/v2\/posts\/28608","targetHints":{"allow":["GET"]}}],"collection":[{"href":"https:\/\/encuentroinformativo.com.mx\/index.php?rest_route=\/wp\/v2\/posts"}],"about":[{"href":"https:\/\/encuentroinformativo.com.mx\/index.php?rest_route=\/wp\/v2\/types\/post"}],"author":[{"embeddable":true,"href":"https:\/\/encuentroinformativo.com.mx\/index.php?rest_route=\/wp\/v2\/users\/1"}],"replies":[{"embeddable":true,"href":"https:\/\/encuentroinformativo.com.mx\/index.php?rest_route=%2Fwp%2Fv2%2Fcomments&post=28608"}],"version-history":[{"count":1,"href":"https:\/\/encuentroinformativo.com.mx\/index.php?rest_route=\/wp\/v2\/posts\/28608\/revisions"}],"predecessor-version":[{"id":28610,"href":"https:\/\/encuentroinformativo.com.mx\/index.php?rest_route=\/wp\/v2\/posts\/28608\/revisions\/28610"}],"wp:featuredmedia":[{"embeddable":true,"href":"https:\/\/encuentroinformativo.com.mx\/index.php?rest_route=\/wp\/v2\/media\/28609"}],"wp:attachment":[{"href":"https:\/\/encuentroinformativo.com.mx\/index.php?rest_route=%2Fwp%2Fv2%2Fmedia&parent=28608"}],"wp:term":[{"taxonomy":"category","embeddable":true,"href":"https:\/\/encuentroinformativo.com.mx\/index.php?rest_route=%2Fwp%2Fv2%2Fcategories&post=28608"},{"taxonomy":"post_tag","embeddable":true,"href":"https:\/\/encuentroinformativo.com.mx\/index.php?rest_route=%2Fwp%2Fv2%2Ftags&post=28608"}],"curies":[{"name":"wp","href":"https:\/\/api.w.org\/{rel}","templated":true}]}}