{"id":28626,"date":"2022-06-21T09:09:43","date_gmt":"2022-06-21T14:09:43","guid":{"rendered":"https:\/\/encuentroinformativo.com.mx\/?p=28626"},"modified":"2022-06-21T09:09:46","modified_gmt":"2022-06-21T14:09:46","slug":"de-acuerdo-con-amlo","status":"publish","type":"post","link":"https:\/\/encuentroinformativo.com.mx\/?p=28626","title":{"rendered":"\u00a1 De acuerdo con AMLO!"},"content":{"rendered":"\n<p><strong>Los Pol\u00edticos<\/strong><\/p>\n\n\n\n<p><strong>Salvador Mu\u00f1oz<\/strong><\/p>\n\n\n\n<p>De esas raras veces en la que estoy medio de acuerdo con el Presidente Andr\u00e9s Manuel L\u00f3pez Obrador, se dio este lunes en la Ma\u00f1anera cuando dice que Cuitl\u00e1huac Garc\u00eda \u201ces incapaz de fabricar delitos para castigar a adversarios\u201d&#8230;<\/p>\n\n\n\n<p>Tiene medio raz\u00f3n\u2026 porque en un momento dado, si alguien en Veracruz \u201cfabricara delitos\u201d para castigar a los adversarios del Presidente, del partido, de Claudia Sheinbaum, del mismo Cuitl\u00e1huac, no ser\u00eda el Gobernador\u2026 en un momento dado tendr\u00eda que ser Ver\u00f3nica Hern\u00e1ndez Giad\u00e1ns, la Fiscal General del Estado.<\/p>\n\n\n\n<p>Ahora, para llegar a eso, no se cree que actuara por Motu Proprio. Si bien, en estos quehaceres pol\u00edticos no faltan los \u201cQuedabi\u00e9n\u201d que act\u00faan \u201cpensando\u201d en que si afectan a un adversario del Se\u00f1or, recibir\u00e1n una palmadita en el lomo o en la cholla con un \u201c\u00a1Buen chico!\u201d, le damos el beneficio de la duda a la Abogada de los Morenos, digo, de los Veracruzanos y creemos que ella s\u00ed, es incapaz de actuar\u2026 de no ser por \u00f3rdenes mayores\u2026<\/p>\n\n\n\n<p>Creo que a todos nos queda claro que la Autonom\u00eda de la Fiscal\u00eda es un membrete y que eso de la divisi\u00f3n de poderes no deja de ser una bella ret\u00f3rica que gusta repetir una y otra vez a quien sabe que en el ejercicio del poder, los poderes aplican la de Timbiriche: \u201cT\u00fa y yo somos uno mismo\u201d y la sociedad pone el coro: \u201c\u00a1Uoh uoh!\u201d<\/p>\n\n\n\n<p>A simple vista, uno podr\u00eda pensar que la Fiscal\u00eda est\u00e1 sujeta a las veleidades del Gobernador, pero por como act\u00faa el mandatario estatal, parece al rev\u00e9s: Cuitl\u00e1huac insiste en ser el Vocero de la Fiscal\u00eda y habla (por ser cautos, ponemos \u201chablar\u201d) hasta por los codos de asuntos que son meramente ministeriales.<\/p>\n\n\n\n<p>Quiz\u00e1s por su af\u00e1n protag\u00f3nico y el hecho de encabezar las mesas de Coordinaci\u00f3n para la Construcci\u00f3n de la Paz, crea que tiene autoridad para decir que \u201cViridiana est\u00e1 bajo resguardo\u201d, por citar una estolidez de las que acostumbra a brindar para no extra\u00f1ar a Pe\u00f1ita.<\/p>\n\n\n\n<p>Luego entonces, si Cuitl\u00e1huac gusta de hacerla de Vocero de la Fiscal\u00eda, \u00bfa qui\u00e9n se le endilga poder sobre la Fiscal?<\/p>\n\n\n\n<p>Desde que Ver\u00f3nica H\u00e9rn\u00e1ndez Giad\u00e1ns asume el cargo de un modo u otro de la Fiscal\u00eda, fue vista como Empleada de Bola 8, el secretario de Gobierno.<\/p>\n\n\n\n<p>De este modo, hay tres elementos sumamente relevantes de acuerdo a los comentarios que en la Ma\u00f1anera pero de Imagen Informativa con Pascal Beltr\u00e1n del R\u00edo, dio su entrevistado, Jos\u00e9 Manuel Del R\u00edo Virgen.<\/p>\n\n\n\n<p>Casi al final de la entrevista, el secretario t\u00e9cnico de la Jucopo en el Senado sentenci\u00f3 lo siguiente: \u201csi algo me pasa, es al Gobernador, a Eric Cisneros Burgos, a Ver\u00f3nica Hern\u00e1ndez Giad\u00e1ns, quienes hayan atentado contra mi vida; a ellos los responsabilizan por favor, se los ruego, y visibilicen mi caso\u201d.<\/p>\n\n\n\n<p>Las palabras de Jos\u00e9 Manuel Del R\u00edo Virgen no son de a grapas\u2026 comenta a Pascal que este lunes que sali\u00f3 de la ciudad de Xalapa a la Ciudad de M\u00e9xico, un carro lo sigui\u00f3\u2026 \u00bfgenerar miedo, incertidumbre, zozobra?<\/p>\n\n\n\n<p>Por eso cita a estos tres personajes de la pol\u00edtica veracruzana\u2026 y por eso, en la Ma\u00f1anera de L\u00f3pez Obrador, el tema sali\u00f3 a relucir para que con sus palabras, el que escribe estuviera medio de acuerdo con el Presidente cuando dice que Cuitl\u00e1huac Garc\u00eda \u201ces incapaz de fabricar delitos para castigar a adversarios\u201d&#8230;<\/p>\n\n\n\n<p>Ya le dije una raz\u00f3n para estar medio de acuerdo con AMLO\u2026 la siguiente, es que es cierto: Cuitl\u00e1huac es Incapaz y lo ha demostrado en su actuar de manera insistente, para que no nos quepa duda y veamos que el Presidente tiene raz\u00f3n cuando le dice \u201cincapaz\u2026\u201d<\/p>\n\n\n\n<p>No en balde es el orgullo de don Andr\u00e9s.<\/p>\n\n\n\n<p><a href=\"mailto:smcainito@gmail.com\" target=\"_blank\" rel=\"noreferrer noopener\">smcainito@gmail.com<\/a><\/p>\n","protected":false},"excerpt":{"rendered":"<p>Los Pol\u00edticos Salvador Mu\u00f1oz De esas raras veces en la que estoy medio de acuerdo con el Presidente Andr\u00e9s Manuel L\u00f3pez Obrador, se dio este lunes en la Ma\u00f1anera cuando dice que Cuitl\u00e1huac Garc\u00eda \u201ces incapaz de fabricar delitos para castigar a adversarios\u201d&#8230; Tiene medio raz\u00f3n\u2026 porque en un momento dado, si alguien en Veracruz [&hellip;]<\/p>\n","protected":false},"author":1,"featured_media":387,"comment_status":"open","ping_status":"open","sticky":false,"template":"","format":"standard","meta":{"_jetpack_memberships_contains_paid_content":false,"footnotes":""},"categories":[11],"tags":[],"class_list":["post-28626","post","type-post","status-publish","format-standard","has-post-thumbnail","hentry","category-opinion"],"jetpack_featured_media_url":"https:\/\/encuentroinformativo.com.mx\/wp-content\/uploads\/2020\/03\/7CF8A22B-2764-47BE-8F7F-38FE9E5D6A2F.jpeg","jetpack_sharing_enabled":true,"jetpack_likes_enabled":true,"amp_enabled":true,"_links":{"self":[{"href":"https:\/\/encuentroinformativo.com.mx\/index.php?rest_route=\/wp\/v2\/posts\/28626","targetHints":{"allow":["GET"]}}],"collection":[{"href":"https:\/\/encuentroinformativo.com.mx\/index.php?rest_route=\/wp\/v2\/posts"}],"about":[{"href":"https:\/\/encuentroinformativo.com.mx\/index.php?rest_route=\/wp\/v2\/types\/post"}],"author":[{"embeddable":true,"href":"https:\/\/encuentroinformativo.com.mx\/index.php?rest_route=\/wp\/v2\/users\/1"}],"replies":[{"embeddable":true,"href":"https:\/\/encuentroinformativo.com.mx\/index.php?rest_route=%2Fwp%2Fv2%2Fcomments&post=28626"}],"version-history":[{"count":1,"href":"https:\/\/encuentroinformativo.com.mx\/index.php?rest_route=\/wp\/v2\/posts\/28626\/revisions"}],"predecessor-version":[{"id":28627,"href":"https:\/\/encuentroinformativo.com.mx\/index.php?rest_route=\/wp\/v2\/posts\/28626\/revisions\/28627"}],"wp:featuredmedia":[{"embeddable":true,"href":"https:\/\/encuentroinformativo.com.mx\/index.php?rest_route=\/wp\/v2\/media\/387"}],"wp:attachment":[{"href":"https:\/\/encuentroinformativo.com.mx\/index.php?rest_route=%2Fwp%2Fv2%2Fmedia&parent=28626"}],"wp:term":[{"taxonomy":"category","embeddable":true,"href":"https:\/\/encuentroinformativo.com.mx\/index.php?rest_route=%2Fwp%2Fv2%2Fcategories&post=28626"},{"taxonomy":"post_tag","embeddable":true,"href":"https:\/\/encuentroinformativo.com.mx\/index.php?rest_route=%2Fwp%2Fv2%2Ftags&post=28626"}],"curies":[{"name":"wp","href":"https:\/\/api.w.org\/{rel}","templated":true}]}}