{"id":28630,"date":"2022-06-21T12:06:14","date_gmt":"2022-06-21T17:06:14","guid":{"rendered":"https:\/\/encuentroinformativo.com.mx\/?p=28630"},"modified":"2022-06-21T12:06:17","modified_gmt":"2022-06-21T17:06:17","slug":"se-registran-145-mil-menores-para-vacuna-pediatrica-covid","status":"publish","type":"post","link":"https:\/\/encuentroinformativo.com.mx\/?p=28630","title":{"rendered":"Se registran 145 mil menores para vacuna pedi\u00e1trica Covid"},"content":{"rendered":"\n<p><strong>Alejandro \u00c1vila<\/strong><\/p>\n\n\n\n<p>Boca del R\u00edo, Ver.- A la fecha, \u00fanicamente 145 mil veracruzanos de entre 5 y 11 a\u00f1os de edad han sido inscritos para que se les coloquen la primer dosis de vacuna Pfizer pedi\u00e1trica contra COVID-19, seg\u00fan lo informado en El Pulso de la Salud.<\/p>\n\n\n\n<p>El delegado federal, Manuel Huerta Ladr\u00f3n de Guevara dijo que, esperan mejorar los n\u00fameros, pues en la Ciudad de M\u00e9xico ya se han registrado 400 mil ni\u00f1os, y en el Estado de M\u00e9xico 600 mil.<\/p>\n\n\n\n<p>&#8220;Decirles que ya vamos a empezar de todas maneras a vacunar, qu\u00e9 la Pfizer pedi\u00e1trica es una especial presentaci\u00f3n y contenido, para 5 y 12 a\u00f1os vendr\u00e1 ya esta semana, estaremos el fin de semana inform\u00e1ndoles de las 132 mil dosis qu\u00e9 vamos a empezar a aplicar en Veracruz, a partir de los que se han inscrito&#8221;, mencion\u00f3.<\/p>\n\n\n\n<p>El funcionario federal apunt\u00f3 que, muy probablemente las primeras sedes ser\u00e1n Veracruz, Boca del R\u00edo y Xalapa, pues es donde hasta el momento se concentra el mayor n\u00famero de registrados.<\/p>\n\n\n\n<p>Huerta Ladr\u00f3n de Guevara se\u00f1al\u00f3 qu\u00e9, son dos dosis de vacuna con una diferencia de 40 d\u00edas entre una y otra; adem\u00e1s, aclar\u00f3 que, solo se necesita el CURP del menor de edad, la credencial de elector del padre, y el registro en la plataforma de vacuna de la Secretar\u00eda de Salud.<\/p>\n","protected":false},"excerpt":{"rendered":"<p>Alejandro \u00c1vila Boca del R\u00edo, Ver.- A la fecha, \u00fanicamente 145 mil veracruzanos de entre 5 y 11 a\u00f1os de edad han sido inscritos para que se les coloquen la primer dosis de vacuna Pfizer pedi\u00e1trica contra COVID-19, seg\u00fan lo informado en El Pulso de la Salud. El delegado federal, Manuel Huerta Ladr\u00f3n de Guevara [&hellip;]<\/p>\n","protected":false},"author":1,"featured_media":28631,"comment_status":"open","ping_status":"open","sticky":false,"template":"","format":"standard","meta":{"_jetpack_memberships_contains_paid_content":false,"footnotes":""},"categories":[9],"tags":[],"class_list":["post-28630","post","type-post","status-publish","format-standard","has-post-thumbnail","hentry","category-salud"],"jetpack_featured_media_url":"https:\/\/encuentroinformativo.com.mx\/wp-content\/uploads\/2022\/06\/4E2F89E4-53EE-4C7E-9D39-08AF83724CCB.jpeg","jetpack_sharing_enabled":true,"jetpack_likes_enabled":true,"amp_enabled":true,"_links":{"self":[{"href":"https:\/\/encuentroinformativo.com.mx\/index.php?rest_route=\/wp\/v2\/posts\/28630","targetHints":{"allow":["GET"]}}],"collection":[{"href":"https:\/\/encuentroinformativo.com.mx\/index.php?rest_route=\/wp\/v2\/posts"}],"about":[{"href":"https:\/\/encuentroinformativo.com.mx\/index.php?rest_route=\/wp\/v2\/types\/post"}],"author":[{"embeddable":true,"href":"https:\/\/encuentroinformativo.com.mx\/index.php?rest_route=\/wp\/v2\/users\/1"}],"replies":[{"embeddable":true,"href":"https:\/\/encuentroinformativo.com.mx\/index.php?rest_route=%2Fwp%2Fv2%2Fcomments&post=28630"}],"version-history":[{"count":1,"href":"https:\/\/encuentroinformativo.com.mx\/index.php?rest_route=\/wp\/v2\/posts\/28630\/revisions"}],"predecessor-version":[{"id":28632,"href":"https:\/\/encuentroinformativo.com.mx\/index.php?rest_route=\/wp\/v2\/posts\/28630\/revisions\/28632"}],"wp:featuredmedia":[{"embeddable":true,"href":"https:\/\/encuentroinformativo.com.mx\/index.php?rest_route=\/wp\/v2\/media\/28631"}],"wp:attachment":[{"href":"https:\/\/encuentroinformativo.com.mx\/index.php?rest_route=%2Fwp%2Fv2%2Fmedia&parent=28630"}],"wp:term":[{"taxonomy":"category","embeddable":true,"href":"https:\/\/encuentroinformativo.com.mx\/index.php?rest_route=%2Fwp%2Fv2%2Fcategories&post=28630"},{"taxonomy":"post_tag","embeddable":true,"href":"https:\/\/encuentroinformativo.com.mx\/index.php?rest_route=%2Fwp%2Fv2%2Ftags&post=28630"}],"curies":[{"name":"wp","href":"https:\/\/api.w.org\/{rel}","templated":true}]}}