{"id":28633,"date":"2022-06-21T13:16:57","date_gmt":"2022-06-21T18:16:57","guid":{"rendered":"https:\/\/encuentroinformativo.com.mx\/?p=28633"},"modified":"2022-06-21T13:18:04","modified_gmt":"2022-06-21T18:18:04","slug":"en-coatepec-reclaman-justicia-para-flor","status":"publish","type":"post","link":"https:\/\/encuentroinformativo.com.mx\/?p=28633","title":{"rendered":"En Coatepec, reclaman justicia para Flor"},"content":{"rendered":"\n<p><strong>Juan Arcos <\/strong><\/p>\n\n\n\n<p>Coatepec, Ver.- Feministas protestaron en el parque Miguel Hidalgo de Coatepec para exigir justicia por el feminicidio de Flor, una joven de 14 a\u00f1os, quien fue asesinada por un hombre identificado como Jos\u00e9, de 32 a\u00f1os, quien presuntamente era su pareja.<\/p>\n\n\n\n<p>La menor ten\u00eda ocho meses de embarazo. Este doble crimen ocurri\u00f3 en enero de este a\u00f1o en el municipio de Teocelo, ubicado a unos 15 kil\u00f3metros de Xalapa.<\/p>\n\n\n\n<p>Anayeli S\u00e1nchez, del colectivo feminista &#8220;Batucada de Xalapa\u201d, se plant\u00f3 en el parque mencionado, donde revel\u00f3 que la adolescente pudo haber sido asfixiada en su cuarto.<\/p>\n\n\n\n<p>La entrevistada detall\u00f3 que en los \u201cpueblitos\u201d contin\u00faa siendo com\u00fan el delito de estupro, donde los hombres tienen relaciones sexuales con menores, vali\u00e9ndose del enga\u00f1o o de la superioridad que tienen sobre ellas.<\/p>\n\n\n\n<p>\u201cLa ni\u00f1a estaba embarazada y estaba report\u00e1ndose con su familia. Pero una ocasi\u00f3n la ni\u00f1a no se report\u00f3, el hombre tampoco estaba y cuando lleg\u00f3 la familia la ni\u00f1a estaba asfixiada en su cuarto&#8221;, expres\u00f3.<\/p>\n\n\n\n<p>Creen que el agresor tiene una falsa identidad; en un principio dijo que era ganadero y cuando la familia busc\u00f3 datos sobre esta \u00e9l no hay ar\u00f3n inflamaci\u00f3n, pues en el pueblo no lo conocen.<\/p>\n\n\n\n<p>Jos\u00e9 fue detenido, pero se desconoce cu\u00e1ndo y en en qu\u00e9 municipio. La familia s\u00f3lo sabe que la audiencia debi\u00f3 realizarse durante el lunes 20 de junio, pero \u00e9sta fue pospuesta.<\/p>\n\n\n\n<p>Las feministas exigieron que el sujeto que no quede en libertad y que realmente se lleven a cabo las investigaciones para que el doble crimen sea esclarecido.<\/p>\n\n\n\n<p>\u201cEl hombre hab\u00eda estado a la fuga pero ya lo capturaron, pero est\u00e1 en proceso para la audiencia. Pedimos que se visibilice el caso de Flor y pedimos a las autoridades que no se den consideraciones\u201d, enfatizaron.<\/p>\n\n\n\n<p>El presunto agresor es se\u00f1alado de estupro y adem\u00e1s del doble homicidio, debido a que el beb\u00e9 estaba por nacer.&nbsp;<\/p>\n","protected":false},"excerpt":{"rendered":"<p>Juan Arcos Coatepec, Ver.- Feministas protestaron en el parque Miguel Hidalgo de Coatepec para exigir justicia por el feminicidio de Flor, una joven de 14 a\u00f1os, quien fue asesinada por un hombre identificado como Jos\u00e9, de 32 a\u00f1os, quien presuntamente era su pareja. La menor ten\u00eda ocho meses de embarazo. Este doble crimen ocurri\u00f3 en [&hellip;]<\/p>\n","protected":false},"author":1,"featured_media":28634,"comment_status":"open","ping_status":"open","sticky":false,"template":"","format":"standard","meta":{"_jetpack_memberships_contains_paid_content":false,"footnotes":""},"categories":[8],"tags":[],"class_list":["post-28633","post","type-post","status-publish","format-standard","has-post-thumbnail","hentry","category-region"],"jetpack_featured_media_url":"https:\/\/encuentroinformativo.com.mx\/wp-content\/uploads\/2022\/06\/A84D054A-D132-4152-A392-23FCE138EF14.jpeg","jetpack_sharing_enabled":true,"jetpack_likes_enabled":true,"amp_enabled":true,"_links":{"self":[{"href":"https:\/\/encuentroinformativo.com.mx\/index.php?rest_route=\/wp\/v2\/posts\/28633","targetHints":{"allow":["GET"]}}],"collection":[{"href":"https:\/\/encuentroinformativo.com.mx\/index.php?rest_route=\/wp\/v2\/posts"}],"about":[{"href":"https:\/\/encuentroinformativo.com.mx\/index.php?rest_route=\/wp\/v2\/types\/post"}],"author":[{"embeddable":true,"href":"https:\/\/encuentroinformativo.com.mx\/index.php?rest_route=\/wp\/v2\/users\/1"}],"replies":[{"embeddable":true,"href":"https:\/\/encuentroinformativo.com.mx\/index.php?rest_route=%2Fwp%2Fv2%2Fcomments&post=28633"}],"version-history":[{"count":2,"href":"https:\/\/encuentroinformativo.com.mx\/index.php?rest_route=\/wp\/v2\/posts\/28633\/revisions"}],"predecessor-version":[{"id":28636,"href":"https:\/\/encuentroinformativo.com.mx\/index.php?rest_route=\/wp\/v2\/posts\/28633\/revisions\/28636"}],"wp:featuredmedia":[{"embeddable":true,"href":"https:\/\/encuentroinformativo.com.mx\/index.php?rest_route=\/wp\/v2\/media\/28634"}],"wp:attachment":[{"href":"https:\/\/encuentroinformativo.com.mx\/index.php?rest_route=%2Fwp%2Fv2%2Fmedia&parent=28633"}],"wp:term":[{"taxonomy":"category","embeddable":true,"href":"https:\/\/encuentroinformativo.com.mx\/index.php?rest_route=%2Fwp%2Fv2%2Fcategories&post=28633"},{"taxonomy":"post_tag","embeddable":true,"href":"https:\/\/encuentroinformativo.com.mx\/index.php?rest_route=%2Fwp%2Fv2%2Ftags&post=28633"}],"curies":[{"name":"wp","href":"https:\/\/api.w.org\/{rel}","templated":true}]}}