{"id":28640,"date":"2022-06-21T14:13:39","date_gmt":"2022-06-21T19:13:39","guid":{"rendered":"https:\/\/encuentroinformativo.com.mx\/?p=28640"},"modified":"2022-06-21T14:13:43","modified_gmt":"2022-06-21T19:13:43","slug":"sin-prorroga-para-canje-de-placas-sefiplan","status":"publish","type":"post","link":"https:\/\/encuentroinformativo.com.mx\/?p=28640","title":{"rendered":"Sin pr\u00f3rroga para canje de placas: Sefiplan"},"content":{"rendered":"\n<p><strong>Dar\u00edo Pale <\/strong><\/p>\n\n\n\n<p>Xalapa, Ver.- El titular de la Secretar\u00eda de Finanzas y Planeaci\u00f3n (SEFIPLAN), dio a conocer que no hay pr\u00f3rroga para el canje de placas, ya que el programa concluye el 30 de junio, adem\u00e1s de que no salen placas para autos antiguos porque la SCT no ha autorizado dise\u00f1os especiales.<\/p>\n\n\n\n<p>En entrevista dio a conocer que a partir de este d\u00eda se instalar\u00e1 un m\u00f3dulo \u00fanicamente para el canje de placas en el Palacio Municipal de esta capital, dada la demanda de los contribuyentes.<\/p>\n\n\n\n<p>&#8220;Es un m\u00f3dulo para reemplacar, estamos acercando estos servicios a los ciudadanos. Es canje de placas lo que estamos instalando aqu\u00ed en el Ayuntamiento&#8221;, se\u00f1al\u00f3.<\/p>\n\n\n\n<p>En otro orden de ideas, ante el reclamo de los propietarios de los autos antiguos que no se les permite emplacar, dijo que est\u00e1n trabajando con la Secretar\u00eda de Comunicaciones y Transportes para el dise\u00f1o especial de las placas, validado por la dependencia federal.<\/p>\n\n\n\n<p>&#8220;Estamos esperando que la SCT valide los dise\u00f1os y cuando los tengamos podamos hacer los cambios de placas. No lo sabemos (cu\u00e1nto tardar\u00eda), es un tema de la SCT, es un tema interno de ellos&#8221;, aclar\u00f3.<\/p>\n\n\n\n<p>Finamente el funcionario puntualiz\u00f3 que los propietarios de ese tipo de veh\u00edculos deber\u00e1n de pagar las placas, ya que no acceder\u00e1n al programa de canje de placas.<\/p>\n\n\n\n<p><\/p>\n","protected":false},"excerpt":{"rendered":"<p>Dar\u00edo Pale Xalapa, Ver.- El titular de la Secretar\u00eda de Finanzas y Planeaci\u00f3n (SEFIPLAN), dio a conocer que no hay pr\u00f3rroga para el canje de placas, ya que el programa concluye el 30 de junio, adem\u00e1s de que no salen placas para autos antiguos porque la SCT no ha autorizado dise\u00f1os especiales. En entrevista dio [&hellip;]<\/p>\n","protected":false},"author":1,"featured_media":28641,"comment_status":"open","ping_status":"open","sticky":false,"template":"","format":"standard","meta":{"_jetpack_memberships_contains_paid_content":false,"footnotes":""},"categories":[2],"tags":[],"class_list":["post-28640","post","type-post","status-publish","format-standard","has-post-thumbnail","hentry","category-estado"],"jetpack_featured_media_url":"https:\/\/encuentroinformativo.com.mx\/wp-content\/uploads\/2022\/06\/30C63DB3-5671-490E-8F23-FD7E9BFA8426.jpeg","jetpack_sharing_enabled":true,"jetpack_likes_enabled":true,"amp_enabled":true,"_links":{"self":[{"href":"https:\/\/encuentroinformativo.com.mx\/index.php?rest_route=\/wp\/v2\/posts\/28640","targetHints":{"allow":["GET"]}}],"collection":[{"href":"https:\/\/encuentroinformativo.com.mx\/index.php?rest_route=\/wp\/v2\/posts"}],"about":[{"href":"https:\/\/encuentroinformativo.com.mx\/index.php?rest_route=\/wp\/v2\/types\/post"}],"author":[{"embeddable":true,"href":"https:\/\/encuentroinformativo.com.mx\/index.php?rest_route=\/wp\/v2\/users\/1"}],"replies":[{"embeddable":true,"href":"https:\/\/encuentroinformativo.com.mx\/index.php?rest_route=%2Fwp%2Fv2%2Fcomments&post=28640"}],"version-history":[{"count":1,"href":"https:\/\/encuentroinformativo.com.mx\/index.php?rest_route=\/wp\/v2\/posts\/28640\/revisions"}],"predecessor-version":[{"id":28642,"href":"https:\/\/encuentroinformativo.com.mx\/index.php?rest_route=\/wp\/v2\/posts\/28640\/revisions\/28642"}],"wp:featuredmedia":[{"embeddable":true,"href":"https:\/\/encuentroinformativo.com.mx\/index.php?rest_route=\/wp\/v2\/media\/28641"}],"wp:attachment":[{"href":"https:\/\/encuentroinformativo.com.mx\/index.php?rest_route=%2Fwp%2Fv2%2Fmedia&parent=28640"}],"wp:term":[{"taxonomy":"category","embeddable":true,"href":"https:\/\/encuentroinformativo.com.mx\/index.php?rest_route=%2Fwp%2Fv2%2Fcategories&post=28640"},{"taxonomy":"post_tag","embeddable":true,"href":"https:\/\/encuentroinformativo.com.mx\/index.php?rest_route=%2Fwp%2Fv2%2Ftags&post=28640"}],"curies":[{"name":"wp","href":"https:\/\/api.w.org\/{rel}","templated":true}]}}