{"id":28646,"date":"2022-06-21T14:23:33","date_gmt":"2022-06-21T19:23:33","guid":{"rendered":"https:\/\/encuentroinformativo.com.mx\/?p=28646"},"modified":"2022-06-21T14:23:36","modified_gmt":"2022-06-21T19:23:36","slug":"anuncia-pma-proyecto-de-rescate-de-vida-marina-y-silvestre-en-aquarium","status":"publish","type":"post","link":"https:\/\/encuentroinformativo.com.mx\/?p=28646","title":{"rendered":"Anuncia PMA proyecto de rescate de vida marina y silvestre en Aquarium"},"content":{"rendered":"\n<p><strong>Alejandro \u00c1vila<\/strong><\/p>\n\n\n\n<p>Boca del R\u00edo, Ver.- El Procurador de Medio Ambiente, Sergio Rodr\u00edguez Cort\u00e9s reconoci\u00f3 que, el Aquarium del Puerto de Veracruz no cuenta en estos momentos con el espacio adecuado para llevar a cabo los trabajos de rescate y mantenimiento de vida marina y silvestre.<\/p>\n\n\n\n<p>El funcionario estatal mencion\u00f3 que, el gobernador, Cuitl\u00e1huac Garc\u00eda Jim\u00e9nez le instruy\u00f3 realice un proyecto de Plan de Rescate para el Aquarium del Puerto de Veracruz, donde se puedan mantener en el mejor estado las especies que ah\u00ed habitan; as\u00ed como otras que sean entregadas en cautiverio.<\/p>\n\n\n\n<p>&#8220;Queremos presentar un plan ambicioso. Es decir, que existan los recursos y los medios para que esto no siga sucediendo. La verdad es que hoy, en las circunstancias en las que est\u00e1 Aquarium, no tienen espacio, no es digno c\u00f3mo tienen las especies rescatadas ah\u00ed en el Aquarium, porque no es que no quieran los trabajadores, es que no existe el espacio, no hay espacio atr\u00e1s para tener tortugas, para tener tucanes, qu\u00e9 es lo que hay ah\u00ed, algunas guacamayas; es decir, de acuerdo a lo que yo aprecio, no se ha hecho un proyecto de inversi\u00f3n para hacer un trabajo c\u00f3mo se requiere&#8221;, puntualiz\u00f3.<\/p>\n\n\n\n<p>En ese sentido exhorto al ambientalista y presidente de Earth Mission Veracruz, Sergio Gonz\u00e1lez, a olvidar las diferencias mediaticas; pues reconoci\u00f3 la labor altruista que realiza en pro de los animales y el medio ambiente, por lo que dijo, deben sumar esfuerzos que beneficien a ambas partes.<\/p>\n\n\n\n<p>&#8220;Es el mensaje para Sergio, si realmente la preocupaci\u00f3n labor altruista que el realiza, que tenga la tranquilidad que se est\u00e1 trabajando y que se presentar\u00e1 en su momento un plan, respaldado por el gobierno del estado, y que espero que con esto disminuya un poco los ataques o las diferencias que ha habido, p\u00fablicas, porque no tiene porqu\u00e9 haberlas, al final de cuentas, lo que tenemos es buscar c\u00f3mo empatar las actividades de ambas instituciones como, de Earth Mission como de Aquarium, que ambas son muy positivas y que se tiene que trabajar en conjunto&#8221;, remat\u00f3.<\/p>\n","protected":false},"excerpt":{"rendered":"<p>Alejandro \u00c1vila Boca del R\u00edo, Ver.- El Procurador de Medio Ambiente, Sergio Rodr\u00edguez Cort\u00e9s reconoci\u00f3 que, el Aquarium del Puerto de Veracruz no cuenta en estos momentos con el espacio adecuado para llevar a cabo los trabajos de rescate y mantenimiento de vida marina y silvestre. El funcionario estatal mencion\u00f3 que, el gobernador, Cuitl\u00e1huac Garc\u00eda [&hellip;]<\/p>\n","protected":false},"author":1,"featured_media":28647,"comment_status":"open","ping_status":"open","sticky":false,"template":"","format":"standard","meta":{"_jetpack_memberships_contains_paid_content":false,"footnotes":""},"categories":[2],"tags":[],"class_list":["post-28646","post","type-post","status-publish","format-standard","has-post-thumbnail","hentry","category-estado"],"jetpack_featured_media_url":"https:\/\/encuentroinformativo.com.mx\/wp-content\/uploads\/2022\/06\/ADEFB1C0-E367-4E2B-AEC4-B90EFCE2B41E.jpeg","jetpack_sharing_enabled":true,"jetpack_likes_enabled":true,"amp_enabled":true,"_links":{"self":[{"href":"https:\/\/encuentroinformativo.com.mx\/index.php?rest_route=\/wp\/v2\/posts\/28646","targetHints":{"allow":["GET"]}}],"collection":[{"href":"https:\/\/encuentroinformativo.com.mx\/index.php?rest_route=\/wp\/v2\/posts"}],"about":[{"href":"https:\/\/encuentroinformativo.com.mx\/index.php?rest_route=\/wp\/v2\/types\/post"}],"author":[{"embeddable":true,"href":"https:\/\/encuentroinformativo.com.mx\/index.php?rest_route=\/wp\/v2\/users\/1"}],"replies":[{"embeddable":true,"href":"https:\/\/encuentroinformativo.com.mx\/index.php?rest_route=%2Fwp%2Fv2%2Fcomments&post=28646"}],"version-history":[{"count":1,"href":"https:\/\/encuentroinformativo.com.mx\/index.php?rest_route=\/wp\/v2\/posts\/28646\/revisions"}],"predecessor-version":[{"id":28648,"href":"https:\/\/encuentroinformativo.com.mx\/index.php?rest_route=\/wp\/v2\/posts\/28646\/revisions\/28648"}],"wp:featuredmedia":[{"embeddable":true,"href":"https:\/\/encuentroinformativo.com.mx\/index.php?rest_route=\/wp\/v2\/media\/28647"}],"wp:attachment":[{"href":"https:\/\/encuentroinformativo.com.mx\/index.php?rest_route=%2Fwp%2Fv2%2Fmedia&parent=28646"}],"wp:term":[{"taxonomy":"category","embeddable":true,"href":"https:\/\/encuentroinformativo.com.mx\/index.php?rest_route=%2Fwp%2Fv2%2Fcategories&post=28646"},{"taxonomy":"post_tag","embeddable":true,"href":"https:\/\/encuentroinformativo.com.mx\/index.php?rest_route=%2Fwp%2Fv2%2Ftags&post=28646"}],"curies":[{"name":"wp","href":"https:\/\/api.w.org\/{rel}","templated":true}]}}