{"id":28660,"date":"2022-06-22T09:33:17","date_gmt":"2022-06-22T14:33:17","guid":{"rendered":"https:\/\/encuentroinformativo.com.mx\/?p=28660"},"modified":"2022-06-22T09:33:20","modified_gmt":"2022-06-22T14:33:20","slug":"lo-mandaron-a-traer","status":"publish","type":"post","link":"https:\/\/encuentroinformativo.com.mx\/?p=28660","title":{"rendered":"Lo mandaron a traer"},"content":{"rendered":"\n<p><strong>Los Pol\u00edticos<\/strong><\/p>\n\n\n\n<p><strong>Salvador Mu\u00f1oz<\/strong><\/p>\n\n\n\n<p>Ha de ser muy dif\u00edcil para el Presidente que cada vez que se menciona a Veracruz, tenga que salir con la misma cantaleta de que \u201cCuitl\u00e1huac es incapaz\u2026 diferente, es honesto, no es como los otros, y que le tiene confianza, bla bla bla\u201d\u2026 el previo a esos comentarios, tras bambalinas, con sus cercanos, ser\u00eda \u201cYa la cajete\u00f3 otra vez ese cabr\u00f3n, verdad\u2026 \u00bfahora qu\u00e9 hizo? \u00bfQu\u00e9 nadie le puede contener la lengua?\u201d<\/p>\n\n\n\n<p>Por supuesto que lejos est\u00e1 ese escenario de la realidad porque al final, lo que diga el Gobernador, son palabras que se las lleva el viento y AMLO piensa que diciendo que es incapaz Cuic, asunto arreglado\u2026 pero una cosa es lo que diga, y otra, lo que hace.<\/p>\n\n\n\n<p>Reporte \u00cdndigo publica un video que comenta as\u00ed: \u201cDesde hace 15 minutos, el gobernador de Veracruz, Cuitl\u00e1huac Garc\u00eda (@CuitlahuacGJ), permanece en su camioneta, la cual est\u00e1 estacionada en la calle de Corregidora, a un lado de Palacio Nacional\u201d&#8230;<\/p>\n\n\n\n<p>La l\u00f3gica indica que si est\u00e1 ah\u00ed, esperando, es por dos cosas:<\/p>\n\n\n\n<p>1.- Lleg\u00f3 sin anunciarse y espera que le den luz verde\u2026<\/p>\n\n\n\n<p>2.- O lo mandaron a llamar y sali\u00f3 como cuete de Xalapa a la Ciudad de M\u00e9xico para llegar a tiempo\u2026<\/p>\n\n\n\n<p>Por cierto, aqu\u00e9l que presum\u00eda viajar en la ADO qued\u00f3 en el pasado\u2026 \u00a1lleg\u00f3 en camionetota de fif\u00ed!<\/p>\n\n\n\n<p>Suponemos que es el punto 2 que obliga a Cuitl\u00e1huac a viajar a la Ciudad de M\u00e9xico por una simple raz\u00f3n: \u00a1algo hizo! \u00a1y mal, por supuesto! Algo que no encaja en los planes del Presidente, que no cabe en la pol\u00edtica del Presidente, y que no se acomoda en la l\u00f3gica del Presidente: Darle a la Oposici\u00f3n un m\u00e1rtir.<\/p>\n\n\n\n<p>Jos\u00e9 Manuel del R\u00edo Virgen, tras su liberaci\u00f3n, se convierte en un \u00edcono, en una figura, en un emblema que se bifurca de una manera simple:<\/p>\n\n\n\n<p>1.- Por un lado, es v\u00edctima del autoritarismo, de la prepotencia, de la arbitrariedad, del revanchismo, del encono, de la injusticia, que puede encerrar la Cuarta Transformaci\u00f3n representada en un Gobierno, el de Garc\u00eda Jim\u00e9nez, y cuando entra en defensa del mandatario estatal el Presidente, de un modo u otro avala todo lo que representa Cuitl\u00e1huac contra Del R\u00edo Virgen.<\/p>\n\n\n\n<p>2.- Por otro lado, Del R\u00edo Virgen se posiciona como una figura y un h\u00e9roe que al menos Movimiento Ciudadano le quiere dar forma de candidato. Relatan los cronistas que cuando Dante Delgado Rannauro se presenta con el secretario t\u00e9cnico de la Jucopo del Senado, dijo a los reporteros: \u201cYa que est\u00e1 aqu\u00ed, que no quede duda: \u00a1tenemos candidato!\u201d<\/p>\n\n\n\n<p>A lo que Del R\u00edo respondi\u00f3: \u201cNo, si ahorita me entambaron, me van a meter un balazo. Cuitl\u00e1huac (Garc\u00eda) es capaz de eso y m\u00e1s\u201d.<\/p>\n\n\n\n<p>(<a href=\"https:\/\/www.milenio.com\/politica\/no-me-candidateen-me-van-a-meter-un-balazo-del-rio-virgen\" target=\"_blank\" rel=\"noreferrer noopener\">https:\/\/www.milenio.com\/politica\/no-me-candidateen-me-van-a-meter-un-balazo-del-rio-virgen<\/a>)<\/p>\n\n\n\n<p>Como sea, de un modo u otro, Cuitl\u00e1huac Garc\u00eda gener\u00f3 un movimiento en la oposici\u00f3n y agregue tambi\u00e9n cuando Jos\u00e9 Manuel del R\u00edo Virgen declara que un alto porcentaje de quienes est\u00e1n en la c\u00e1rcel son inocentes\u2026 y agregue tambi\u00e9n que Ricardo Monreal prometi\u00f3 seguir luchando por liberar a las personas que de un modo u otro, est\u00e1n en la c\u00e1rcel injustamente; y agregue el calificativo de mequetrefe a Cuitl\u00e1huac por parte de Dante Delgado\u2026<\/p>\n\n\n\n<p>En pocas palabras, es posible que al Presidente le tenga sin cuidado la sarta de palabrer\u00edas llenas de estulticia que arroja Cuitl\u00e1huac cada vez que abre la boca\u2026 el asunto es cuando Cuitl\u00e1huac tiene iniciativa y hace cosas que de repente, hacen que la Oposici\u00f3n, en Veracruz y en todo el pa\u00eds, resolle\u2026 y haga que en Palacio Nacional, por en\u00e9sima ocasi\u00f3n, se d\u00e9 la cara por el orgullo de don Andr\u00e9s bajo el riesgo de verse cada vez como \u00e9l\u2026<\/p>\n\n\n\n<p>Bueno\u2026 \u00bfy supuestamente a qu\u00e9 fue Cuic a Palacio Nacional? \u00a1Quesque para tratar la rehabilitaci\u00f3n de San Juan de Ul\u00faa! \u00bfQu\u00e9? \u00bfYa no hay espacio en las c\u00e1rceles veracruzanas para m\u00e1s presos pol\u00edticos o inocentes?<\/p>\n\n\n\n<p><a href=\"mailto:smcainito@gmail.com\" target=\"_blank\" rel=\"noreferrer noopener\">smcainito@gmail.com<\/a><\/p>\n","protected":false},"excerpt":{"rendered":"<p>Los Pol\u00edticos Salvador Mu\u00f1oz Ha de ser muy dif\u00edcil para el Presidente que cada vez que se menciona a Veracruz, tenga que salir con la misma cantaleta de que \u201cCuitl\u00e1huac es incapaz\u2026 diferente, es honesto, no es como los otros, y que le tiene confianza, bla bla bla\u201d\u2026 el previo a esos comentarios, tras bambalinas, [&hellip;]<\/p>\n","protected":false},"author":1,"featured_media":387,"comment_status":"open","ping_status":"open","sticky":false,"template":"","format":"standard","meta":{"_jetpack_memberships_contains_paid_content":false,"footnotes":""},"categories":[11],"tags":[],"class_list":["post-28660","post","type-post","status-publish","format-standard","has-post-thumbnail","hentry","category-opinion"],"jetpack_featured_media_url":"https:\/\/encuentroinformativo.com.mx\/wp-content\/uploads\/2020\/03\/7CF8A22B-2764-47BE-8F7F-38FE9E5D6A2F.jpeg","jetpack_sharing_enabled":true,"jetpack_likes_enabled":true,"amp_enabled":true,"_links":{"self":[{"href":"https:\/\/encuentroinformativo.com.mx\/index.php?rest_route=\/wp\/v2\/posts\/28660","targetHints":{"allow":["GET"]}}],"collection":[{"href":"https:\/\/encuentroinformativo.com.mx\/index.php?rest_route=\/wp\/v2\/posts"}],"about":[{"href":"https:\/\/encuentroinformativo.com.mx\/index.php?rest_route=\/wp\/v2\/types\/post"}],"author":[{"embeddable":true,"href":"https:\/\/encuentroinformativo.com.mx\/index.php?rest_route=\/wp\/v2\/users\/1"}],"replies":[{"embeddable":true,"href":"https:\/\/encuentroinformativo.com.mx\/index.php?rest_route=%2Fwp%2Fv2%2Fcomments&post=28660"}],"version-history":[{"count":1,"href":"https:\/\/encuentroinformativo.com.mx\/index.php?rest_route=\/wp\/v2\/posts\/28660\/revisions"}],"predecessor-version":[{"id":28661,"href":"https:\/\/encuentroinformativo.com.mx\/index.php?rest_route=\/wp\/v2\/posts\/28660\/revisions\/28661"}],"wp:featuredmedia":[{"embeddable":true,"href":"https:\/\/encuentroinformativo.com.mx\/index.php?rest_route=\/wp\/v2\/media\/387"}],"wp:attachment":[{"href":"https:\/\/encuentroinformativo.com.mx\/index.php?rest_route=%2Fwp%2Fv2%2Fmedia&parent=28660"}],"wp:term":[{"taxonomy":"category","embeddable":true,"href":"https:\/\/encuentroinformativo.com.mx\/index.php?rest_route=%2Fwp%2Fv2%2Fcategories&post=28660"},{"taxonomy":"post_tag","embeddable":true,"href":"https:\/\/encuentroinformativo.com.mx\/index.php?rest_route=%2Fwp%2Fv2%2Ftags&post=28660"}],"curies":[{"name":"wp","href":"https:\/\/api.w.org\/{rel}","templated":true}]}}