{"id":28665,"date":"2022-06-22T09:51:09","date_gmt":"2022-06-22T14:51:09","guid":{"rendered":"https:\/\/encuentroinformativo.com.mx\/?p=28665"},"modified":"2022-06-22T09:51:13","modified_gmt":"2022-06-22T14:51:13","slug":"alcaldesa-coronara-a-yerimua-en-carnaval-de-veracruz-2022","status":"publish","type":"post","link":"https:\/\/encuentroinformativo.com.mx\/?p=28665","title":{"rendered":"Alcaldesa coronar\u00e1 a Yerimua en Carnaval de Veracruz 2022"},"content":{"rendered":"\n<p><strong>Alejandro \u00c1vila<\/strong><\/p>\n\n\n\n<p>Veracruz, Ver.- La reina electa del Carnaval de Veracruz 2022, Yeri Cruz &#8220;Yerimua I&#8221;, confirm\u00f3 en rueda de prensa que ser\u00e1 la alcaldesa, Patricia Lobeira Rodr\u00edguez, qui\u00e9n la corone el pr\u00f3ximo viernes 1 de julio.<\/p>\n\n\n\n<p>En compa\u00f1\u00eda de su novio, el rey electo de Carnaval, Brian Cruz Villegas \u201cPaponas\u201d, as\u00ed como del presidente del Comit\u00e9 Organizador, Luis Antonio P\u00e9rez Fraga y, Mario Delf\u00edn V\u00e1zquez, director de Turismo Municipal, dijo desconocer el motivo por el cual el gobernador no ha confirmado su presencia, aunque consider\u00f3 una situaci\u00f3n no relevante.<\/p>\n\n\n\n<p>\u201cRealmente desconozco si va venir o no el gobernador, pero me comentaron que me va coronar Paty Yunes y estoy muy contenta con ello, que sea la persona que me vaya a coronar\u201d, expres\u00f3 la influencer.<\/p>\n\n\n\n<p>Por su parte, el rey electo, Brian Villegas dijo que, llevar\u00e1 en su carro aleg\u00f3rico algunos personajes conocidos, aunque no quiso dar detalles por el momento de qui\u00e9nes ser\u00edan.<\/p>\n\n\n\n<p>El presidente del Comit\u00e9 de Carnaval, Luis Antonio P\u00e9rez Fraga anunci\u00f3 la presencia internacional de la delegaci\u00f3n de Brasil y de Colombia, las cuales participar\u00e1n en diversos eventos como en la Macroplaza del Malec\u00f3n y en los desfiles de carros aleg\u00f3ricos.<\/p>\n\n\n\n<p>Tambi\u00e9n, luego de la pol\u00e9mica en redes por una grada montada sobre un pedazo de madera, P\u00e9rez Fraga aclar\u00f3 que las gradas a\u00fan no terminan de instalarse y que habr\u00e1 una revisi\u00f3n exhaustiva la pr\u00f3xima semana junto con Protecci\u00f3n Civil estatal y municipal.&nbsp;&nbsp;<\/p>\n","protected":false},"excerpt":{"rendered":"<p>Alejandro \u00c1vila Veracruz, Ver.- La reina electa del Carnaval de Veracruz 2022, Yeri Cruz &#8220;Yerimua I&#8221;, confirm\u00f3 en rueda de prensa que ser\u00e1 la alcaldesa, Patricia Lobeira Rodr\u00edguez, qui\u00e9n la corone el pr\u00f3ximo viernes 1 de julio. En compa\u00f1\u00eda de su novio, el rey electo de Carnaval, Brian Cruz Villegas \u201cPaponas\u201d, as\u00ed como del presidente [&hellip;]<\/p>\n","protected":false},"author":1,"featured_media":28666,"comment_status":"open","ping_status":"open","sticky":false,"template":"","format":"standard","meta":{"_jetpack_memberships_contains_paid_content":false,"footnotes":""},"categories":[2],"tags":[],"class_list":["post-28665","post","type-post","status-publish","format-standard","has-post-thumbnail","hentry","category-estado"],"jetpack_featured_media_url":"https:\/\/encuentroinformativo.com.mx\/wp-content\/uploads\/2022\/06\/1CA86CF2-F3D0-4CA6-BEC3-08837C26735D.jpeg","jetpack_sharing_enabled":true,"jetpack_likes_enabled":true,"amp_enabled":true,"_links":{"self":[{"href":"https:\/\/encuentroinformativo.com.mx\/index.php?rest_route=\/wp\/v2\/posts\/28665","targetHints":{"allow":["GET"]}}],"collection":[{"href":"https:\/\/encuentroinformativo.com.mx\/index.php?rest_route=\/wp\/v2\/posts"}],"about":[{"href":"https:\/\/encuentroinformativo.com.mx\/index.php?rest_route=\/wp\/v2\/types\/post"}],"author":[{"embeddable":true,"href":"https:\/\/encuentroinformativo.com.mx\/index.php?rest_route=\/wp\/v2\/users\/1"}],"replies":[{"embeddable":true,"href":"https:\/\/encuentroinformativo.com.mx\/index.php?rest_route=%2Fwp%2Fv2%2Fcomments&post=28665"}],"version-history":[{"count":1,"href":"https:\/\/encuentroinformativo.com.mx\/index.php?rest_route=\/wp\/v2\/posts\/28665\/revisions"}],"predecessor-version":[{"id":28667,"href":"https:\/\/encuentroinformativo.com.mx\/index.php?rest_route=\/wp\/v2\/posts\/28665\/revisions\/28667"}],"wp:featuredmedia":[{"embeddable":true,"href":"https:\/\/encuentroinformativo.com.mx\/index.php?rest_route=\/wp\/v2\/media\/28666"}],"wp:attachment":[{"href":"https:\/\/encuentroinformativo.com.mx\/index.php?rest_route=%2Fwp%2Fv2%2Fmedia&parent=28665"}],"wp:term":[{"taxonomy":"category","embeddable":true,"href":"https:\/\/encuentroinformativo.com.mx\/index.php?rest_route=%2Fwp%2Fv2%2Fcategories&post=28665"},{"taxonomy":"post_tag","embeddable":true,"href":"https:\/\/encuentroinformativo.com.mx\/index.php?rest_route=%2Fwp%2Fv2%2Ftags&post=28665"}],"curies":[{"name":"wp","href":"https:\/\/api.w.org\/{rel}","templated":true}]}}