{"id":2867,"date":"2020-05-27T17:02:41","date_gmt":"2020-05-27T22:02:41","guid":{"rendered":"https:\/\/encuentroinformativo.com\/?p=2867"},"modified":"2020-05-27T17:02:44","modified_gmt":"2020-05-27T22:02:44","slug":"acusa-tomas-mundo-guerra-sucia-por-eleccion-de-fiscal","status":"publish","type":"post","link":"https:\/\/encuentroinformativo.com.mx\/?p=2867","title":{"rendered":"Acusa Tom\u00e1s Mundo \u201cguerra sucia\u201d por elecci\u00f3n de fiscal"},"content":{"rendered":"\n<p><strong>Dar\u00edo Pale <\/strong><\/p>\n\n\n\n<p>Xalapa, Ver.- El abogado Tom\u00e1s Mundo Arriasa, uno de los aspirantes a la Fiscal\u00eda General del Estado, neg\u00f3 que enfrente 10 a\u00f1os de inhabilitaci\u00f3n para el servicio p\u00fablico, asegur\u00f3 que todo se trata de guerra sucia en su contra.<\/p>\n\n\n\n<p>En entrevista se\u00f1al\u00f3: &#8220;No, eso es falso porque de lo contrario no me habr\u00edan recibido mi documentaci\u00f3n y todo esto es parte de la guerra sucia en mi contra&#8221;.<\/p>\n\n\n\n<p>&#8220;Se trata, dijo, de ataques previos a la presentaci\u00f3n de la terna de d\u00f3nde saldr\u00e1 el nombramiento del fiscal del estado&#8221;, agreg\u00f3.<\/p>\n\n\n\n<p>Mundo Arriasa, refiri\u00f3 que uno de los requisitos era no estar inhabilitado &#8220;ah\u00ed estamos, pasaron mis papeles y estoy consciente de un temor ante un aspirante serio y profesional pero yo sab\u00eda que esto es parte del juego.<\/p>\n\n\n\n<p>\u201cEste jueves 28 de mayo, los diputados en el pleno del congreso local, designar\u00e1n al \u00a0que ser\u00e1 el pr\u00f3ximo Fiscal del Estado, por nueve a\u00f1os.<\/p>\n\n\n\n<p>El Congreso, con base en la terna propuesta en el dictamen, designar\u00e1 al Fiscal General con el voto de las dos terceras partes de las y los diputados presentes en el pleno del congreso local.<\/p>\n\n\n\n<p>En caso de que ninguno de los integrantes de la terna obtenga la mayor\u00eda de votos arriba se\u00f1alada, se realizar\u00e1 una segunda votaci\u00f3n, en la que se designar\u00e1 como Fiscal General al candidato que cuente con la misma mayor\u00eda calificada.<\/p>\n\n\n\n<p>Si despu\u00e9s de las dos rondas previstas ninguno de los candidatos alcanz\u00f3 el voto requerido, se realizar\u00e1 una tercera votaci\u00f3n, en la que se designar\u00e1 como Fiscal General al candidato que cuente con la mayor\u00eda absoluta.<\/p>\n\n\n\n<p>Hay que recordar que el 03 de septiembre del 2019, la Diputaci\u00f3n Permanente de la 65 Legislatura, separ\u00f3 del cargo al ahora ex Fiscal Jorge Winckler Ortiz, nombrado en 2016.<\/p>\n\n\n\n<p>En atropellada sesi\u00f3n, y violando la legislaci\u00f3n vigente, pues el Fiscal s\u00f3lo puede ser removido por causas graves y tras un juicio pol\u00edtico, se llev\u00f3 a cabo la reuni\u00f3n de 10 de los 50 diputados locales ante la urgencia de quitarlo del cargo, se tom\u00f3 protesta de ley a Ver\u00f3nica Hern\u00e1ndez Giad\u00e1ns, quien fue designada encargada de despacho y quien se present\u00f3 en la sesi\u00f3n del \u00a003 de septiembre.<\/p>\n\n\n\n<p>Por \u00faltimo cabe se\u00f1alar que la Constituci\u00f3n local, establece en su art\u00edculo 67 la funci\u00f3n, el proceso de nominaci\u00f3n y la operaci\u00f3n de los \u00f3rganos aut\u00f3nomos, entre ellos la Fiscal\u00eda General del Estado. En su inciso C, establece que el Fiscal General durar\u00e1 en su encargo nueve a\u00f1os. Y ser\u00e1 designado y removido por el Congreso del Estado.<\/p>\n\n\n\n<p><\/p>\n\n\n\n<p><\/p>\n","protected":false},"excerpt":{"rendered":"<p>Dar\u00edo Pale Xalapa, Ver.- El abogado Tom\u00e1s Mundo Arriasa, uno de los aspirantes a la Fiscal\u00eda General del Estado, neg\u00f3 que enfrente 10 a\u00f1os de inhabilitaci\u00f3n para el servicio p\u00fablico, asegur\u00f3 que todo se trata de guerra sucia en su contra. En entrevista se\u00f1al\u00f3: &#8220;No, eso es falso porque de lo contrario no me habr\u00edan [&hellip;]<\/p>\n","protected":false},"author":1,"featured_media":2868,"comment_status":"open","ping_status":"open","sticky":false,"template":"","format":"standard","meta":{"_jetpack_memberships_contains_paid_content":false,"footnotes":""},"categories":[2],"tags":[],"class_list":["post-2867","post","type-post","status-publish","format-standard","has-post-thumbnail","hentry","category-estado"],"jetpack_featured_media_url":"https:\/\/encuentroinformativo.com.mx\/wp-content\/uploads\/2020\/05\/987B1A52-531B-4E28-884D-AEE80C474E27.jpeg","jetpack_sharing_enabled":true,"jetpack_likes_enabled":true,"amp_enabled":true,"_links":{"self":[{"href":"https:\/\/encuentroinformativo.com.mx\/index.php?rest_route=\/wp\/v2\/posts\/2867","targetHints":{"allow":["GET"]}}],"collection":[{"href":"https:\/\/encuentroinformativo.com.mx\/index.php?rest_route=\/wp\/v2\/posts"}],"about":[{"href":"https:\/\/encuentroinformativo.com.mx\/index.php?rest_route=\/wp\/v2\/types\/post"}],"author":[{"embeddable":true,"href":"https:\/\/encuentroinformativo.com.mx\/index.php?rest_route=\/wp\/v2\/users\/1"}],"replies":[{"embeddable":true,"href":"https:\/\/encuentroinformativo.com.mx\/index.php?rest_route=%2Fwp%2Fv2%2Fcomments&post=2867"}],"version-history":[{"count":1,"href":"https:\/\/encuentroinformativo.com.mx\/index.php?rest_route=\/wp\/v2\/posts\/2867\/revisions"}],"predecessor-version":[{"id":2869,"href":"https:\/\/encuentroinformativo.com.mx\/index.php?rest_route=\/wp\/v2\/posts\/2867\/revisions\/2869"}],"wp:featuredmedia":[{"embeddable":true,"href":"https:\/\/encuentroinformativo.com.mx\/index.php?rest_route=\/wp\/v2\/media\/2868"}],"wp:attachment":[{"href":"https:\/\/encuentroinformativo.com.mx\/index.php?rest_route=%2Fwp%2Fv2%2Fmedia&parent=2867"}],"wp:term":[{"taxonomy":"category","embeddable":true,"href":"https:\/\/encuentroinformativo.com.mx\/index.php?rest_route=%2Fwp%2Fv2%2Fcategories&post=2867"},{"taxonomy":"post_tag","embeddable":true,"href":"https:\/\/encuentroinformativo.com.mx\/index.php?rest_route=%2Fwp%2Fv2%2Ftags&post=2867"}],"curies":[{"name":"wp","href":"https:\/\/api.w.org\/{rel}","templated":true}]}}