{"id":28693,"date":"2022-06-22T17:04:56","date_gmt":"2022-06-22T22:04:56","guid":{"rendered":"https:\/\/encuentroinformativo.com.mx\/?p=28693"},"modified":"2022-06-22T17:04:59","modified_gmt":"2022-06-22T22:04:59","slug":"analiza-gobierno-rescate-de-puente-del-diablo-en-coatepec","status":"publish","type":"post","link":"https:\/\/encuentroinformativo.com.mx\/?p=28693","title":{"rendered":"Analiza Gobierno rescate de puente del Diablo en Coatepec"},"content":{"rendered":"\n<p><strong>Dar\u00edo Pale <\/strong><\/p>\n\n\n\n<p>Xalapa, Ver.- El gobernador del estado Cuitl\u00e1huac Garc\u00eda Jim\u00e9nez dio a conocer que revisar\u00e1 las posibilidades para rescatar el Puente del Diablo en Coatepec, adem\u00e1s de que se debe plantear un proyecto tur\u00edstico y cultural en esa zona.<\/p>\n\n\n\n<p>En entrevista inform\u00f3 que se va a revisar qu\u00e9 tipo de proyecto tur\u00edstico o cultural podr\u00eda realizarse en la zona del Puente del Diablo en Coatepec, para preservar su historia.<\/p>\n\n\n\n<p>Sobre las afectaciones que las lluvias trajeron a esa zona y que alert\u00f3 a vecinos sobre la posibilidad de que se venga abajo, declar\u00f3 que ah\u00ed se debe hacer otro tipo de obra.<\/p>\n\n\n\n<p>&#8220;Ah\u00ed se tiene que hacer otro tipo de intervenci\u00f3n. Vamos a acordar con el municipio para verlo&#8221;, se\u00f1al\u00f3.<\/p>\n\n\n\n<p>Finalmente sobre la posibilidad de que se coloque un Museo de la Ca\u00f1a, ya que en esa zona se construy\u00f3 el primer ingenio ca\u00f1ero, dijo que por eso se debe revisar las posibilidades.<\/p>\n\n\n\n<p><strong>Afectaciones Lluvias <\/strong><\/p>\n\n\n\n<p>En otro orden de ideas, el gobernador Garc\u00eda Jim\u00e9nez dio a conocer que la zona m\u00e1s afectada por las lluvias es la de Zongolica donde se han registrado varios derrumbes pero ya los est\u00e1n atendiendo.<\/p>\n\n\n\n<p>En entrevista se\u00f1al\u00f3 que ya enviaron ayuda para la implementaci\u00f3n de algunos albergues, y en el caso del r\u00edo de Uxpanapa el caudal a afectado cultivos coment\u00f3 que, \u201cse puede decir que son eventos normales por la lluvia copiosa que se dio pero afortunadamente no hay personas afectadas ni extraviadas&#8221;.<\/p>\n\n\n\n<p>Adem\u00e1s de que ya han atendido con las direcciones de protecci\u00f3n civil municipal los municipios Minatitl\u00e1n, las Choapas, Zongolica, Chacaltianguis y en Xalapa, donde solo se han registrado en la mayor\u00eda de las veces encharcamientos.<\/p>\n\n\n\n<p>El municipio m\u00e1s afectado fue en Zongolica donde hubo derrumbes que afectan el pas\u00f3 de la carretera el cual ya est\u00e1n atendiendo y ya est\u00e1n enviando ayuda para algunos albergues.<\/p>\n\n\n\n<p>Record\u00f3 que siempre que se lanza una alerta gris hay un operativo importante que se realiza por medio de protecci\u00f3n civil estatal donde se coordinan todas las tareas, con los municipios, pero hoy es el \u00faltimo d\u00eda de la alerta gris que hab\u00edan se\u00f1alado.<\/p>\n\n\n\n<p>En otro orden de ideas en lo que se refiere a los contagios por COVID-19 dio a conocer que las escuelas pondr\u00e1 sus propios protocolos para las graduaciones y no habr\u00e1 restricciones.<\/p>\n\n\n\n<p>En cuanto a la reuni\u00f3n del d\u00eda de ayer con el presidente de M\u00e9xico Andr\u00e9s\u00a0Manuel L\u00f3pez Obrador comento que, trataron el tema de la rehabilitaci\u00f3n del fuerte de San Juan de Ulua el cual inaugurar\u00e1n en diciembre, ya comenzaron los trabajos y ayer hicieron un seguimiento de rehabilitaci\u00f3n.<\/p>\n\n\n\n<p>Los trabajos han estado a cargo de la Marina a quienes les agradece los trabajos ya que es un punto de atracci\u00f3n tur\u00edstica y hay una propuesta que dar\u00e1n a conocer de una nueva forma de asistir a San Juan de Ulua que ser\u00eda atravesando el mar desde el malec\u00f3n.<\/p>\n\n\n\n<p>Finalmente dio a conocer que la camioneta que utiliz\u00f3 el d\u00eda de ayer para viajar a M\u00e9xico es de la Secretaria de Seguridad P\u00fablica (SSP), antes viajaba en ADO pero es una camioneta oficial.<\/p>\n","protected":false},"excerpt":{"rendered":"<p>Dar\u00edo Pale Xalapa, Ver.- El gobernador del estado Cuitl\u00e1huac Garc\u00eda Jim\u00e9nez dio a conocer que revisar\u00e1 las posibilidades para rescatar el Puente del Diablo en Coatepec, adem\u00e1s de que se debe plantear un proyecto tur\u00edstico y cultural en esa zona. En entrevista inform\u00f3 que se va a revisar qu\u00e9 tipo de proyecto tur\u00edstico o cultural [&hellip;]<\/p>\n","protected":false},"author":1,"featured_media":28692,"comment_status":"open","ping_status":"open","sticky":false,"template":"","format":"standard","meta":{"_jetpack_memberships_contains_paid_content":false,"footnotes":""},"categories":[2],"tags":[],"class_list":["post-28693","post","type-post","status-publish","format-standard","has-post-thumbnail","hentry","category-estado"],"jetpack_featured_media_url":"https:\/\/encuentroinformativo.com.mx\/wp-content\/uploads\/2022\/06\/5AE705E9-99F8-4F15-B2C3-61AE6E20DAF3.jpeg","jetpack_sharing_enabled":true,"jetpack_likes_enabled":true,"amp_enabled":true,"_links":{"self":[{"href":"https:\/\/encuentroinformativo.com.mx\/index.php?rest_route=\/wp\/v2\/posts\/28693","targetHints":{"allow":["GET"]}}],"collection":[{"href":"https:\/\/encuentroinformativo.com.mx\/index.php?rest_route=\/wp\/v2\/posts"}],"about":[{"href":"https:\/\/encuentroinformativo.com.mx\/index.php?rest_route=\/wp\/v2\/types\/post"}],"author":[{"embeddable":true,"href":"https:\/\/encuentroinformativo.com.mx\/index.php?rest_route=\/wp\/v2\/users\/1"}],"replies":[{"embeddable":true,"href":"https:\/\/encuentroinformativo.com.mx\/index.php?rest_route=%2Fwp%2Fv2%2Fcomments&post=28693"}],"version-history":[{"count":1,"href":"https:\/\/encuentroinformativo.com.mx\/index.php?rest_route=\/wp\/v2\/posts\/28693\/revisions"}],"predecessor-version":[{"id":28695,"href":"https:\/\/encuentroinformativo.com.mx\/index.php?rest_route=\/wp\/v2\/posts\/28693\/revisions\/28695"}],"wp:featuredmedia":[{"embeddable":true,"href":"https:\/\/encuentroinformativo.com.mx\/index.php?rest_route=\/wp\/v2\/media\/28692"}],"wp:attachment":[{"href":"https:\/\/encuentroinformativo.com.mx\/index.php?rest_route=%2Fwp%2Fv2%2Fmedia&parent=28693"}],"wp:term":[{"taxonomy":"category","embeddable":true,"href":"https:\/\/encuentroinformativo.com.mx\/index.php?rest_route=%2Fwp%2Fv2%2Fcategories&post=28693"},{"taxonomy":"post_tag","embeddable":true,"href":"https:\/\/encuentroinformativo.com.mx\/index.php?rest_route=%2Fwp%2Fv2%2Ftags&post=28693"}],"curies":[{"name":"wp","href":"https:\/\/api.w.org\/{rel}","templated":true}]}}