{"id":28704,"date":"2022-06-23T13:18:49","date_gmt":"2022-06-23T18:18:49","guid":{"rendered":"https:\/\/encuentroinformativo.com.mx\/?p=28704"},"modified":"2022-06-23T13:21:55","modified_gmt":"2022-06-23T18:21:55","slug":"organizacion-seguira-pugnando-por-tarifas-preferenciales-de-cfe","status":"publish","type":"post","link":"https:\/\/encuentroinformativo.com.mx\/?p=28704","title":{"rendered":"Organizaci\u00f3n seguir\u00e1 pugnando por tarifas preferenciales de CFE"},"content":{"rendered":"\n<p>Xalapa, Ver.- Jorge Morales vocero del movimiento &#8220;La Leyenda de Chucho El Roto&#8221;, dijo que contin\u00faan buscando alternativas para que el estado de Veracruz cuente con una tarifa preferencial en el servicio de energ\u00eda el\u00e9ctrica y esto se alcance a trav\u00e9s de un decreto presidencial como ocurri\u00f3 en Tabasco.<\/p>\n\n\n\n<p>El vocero port\u00f3 su playera de apoyo a uno de los aspirantes a la presidencia de la Rep\u00fablica. <\/p>\n\n\n\n<figure class=\"wp-block-image size-large\"><img loading=\"lazy\" decoding=\"async\" width=\"1024\" height=\"719\" src=\"https:\/\/encuentroinformativo.com.mx\/wp-content\/uploads\/2022\/06\/A501A8B6-D30F-4AC6-9F6E-6933C8437A73-1024x719.jpeg\" alt=\"\" class=\"wp-image-28705\" srcset=\"https:\/\/encuentroinformativo.com.mx\/wp-content\/uploads\/2022\/06\/A501A8B6-D30F-4AC6-9F6E-6933C8437A73-1024x719.jpeg 1024w, https:\/\/encuentroinformativo.com.mx\/wp-content\/uploads\/2022\/06\/A501A8B6-D30F-4AC6-9F6E-6933C8437A73-300x211.jpeg 300w, https:\/\/encuentroinformativo.com.mx\/wp-content\/uploads\/2022\/06\/A501A8B6-D30F-4AC6-9F6E-6933C8437A73-768x539.jpeg 768w, https:\/\/encuentroinformativo.com.mx\/wp-content\/uploads\/2022\/06\/A501A8B6-D30F-4AC6-9F6E-6933C8437A73.jpeg 1281w\" sizes=\"auto, (max-width: 1024px) 100vw, 1024px\" \/><\/figure>\n","protected":false},"excerpt":{"rendered":"<p>Xalapa, Ver.- Jorge Morales vocero del movimiento &#8220;La Leyenda de Chucho El Roto&#8221;, dijo que contin\u00faan buscando alternativas para que el estado de Veracruz cuente con una tarifa preferencial en el servicio de energ\u00eda el\u00e9ctrica y esto se alcance a trav\u00e9s de un decreto presidencial como ocurri\u00f3 en Tabasco. El vocero port\u00f3 su playera de [&hellip;]<\/p>\n","protected":false},"author":1,"featured_media":28707,"comment_status":"open","ping_status":"open","sticky":false,"template":"","format":"standard","meta":{"_jetpack_memberships_contains_paid_content":false,"footnotes":""},"categories":[8],"tags":[],"class_list":["post-28704","post","type-post","status-publish","format-standard","has-post-thumbnail","hentry","category-region"],"jetpack_featured_media_url":"https:\/\/encuentroinformativo.com.mx\/wp-content\/uploads\/2022\/06\/1B19BB6D-5879-4DC4-8100-10AE31BEA39D.jpeg","jetpack_sharing_enabled":true,"jetpack_likes_enabled":true,"amp_enabled":true,"_links":{"self":[{"href":"https:\/\/encuentroinformativo.com.mx\/index.php?rest_route=\/wp\/v2\/posts\/28704","targetHints":{"allow":["GET"]}}],"collection":[{"href":"https:\/\/encuentroinformativo.com.mx\/index.php?rest_route=\/wp\/v2\/posts"}],"about":[{"href":"https:\/\/encuentroinformativo.com.mx\/index.php?rest_route=\/wp\/v2\/types\/post"}],"author":[{"embeddable":true,"href":"https:\/\/encuentroinformativo.com.mx\/index.php?rest_route=\/wp\/v2\/users\/1"}],"replies":[{"embeddable":true,"href":"https:\/\/encuentroinformativo.com.mx\/index.php?rest_route=%2Fwp%2Fv2%2Fcomments&post=28704"}],"version-history":[{"count":3,"href":"https:\/\/encuentroinformativo.com.mx\/index.php?rest_route=\/wp\/v2\/posts\/28704\/revisions"}],"predecessor-version":[{"id":28709,"href":"https:\/\/encuentroinformativo.com.mx\/index.php?rest_route=\/wp\/v2\/posts\/28704\/revisions\/28709"}],"wp:featuredmedia":[{"embeddable":true,"href":"https:\/\/encuentroinformativo.com.mx\/index.php?rest_route=\/wp\/v2\/media\/28707"}],"wp:attachment":[{"href":"https:\/\/encuentroinformativo.com.mx\/index.php?rest_route=%2Fwp%2Fv2%2Fmedia&parent=28704"}],"wp:term":[{"taxonomy":"category","embeddable":true,"href":"https:\/\/encuentroinformativo.com.mx\/index.php?rest_route=%2Fwp%2Fv2%2Fcategories&post=28704"},{"taxonomy":"post_tag","embeddable":true,"href":"https:\/\/encuentroinformativo.com.mx\/index.php?rest_route=%2Fwp%2Fv2%2Ftags&post=28704"}],"curies":[{"name":"wp","href":"https:\/\/api.w.org\/{rel}","templated":true}]}}