{"id":28738,"date":"2022-06-24T11:39:49","date_gmt":"2022-06-24T16:39:49","guid":{"rendered":"https:\/\/encuentroinformativo.com.mx\/?p=28738"},"modified":"2022-06-24T11:39:52","modified_gmt":"2022-06-24T16:39:52","slug":"jueves-30-quema-del-mal-humor","status":"publish","type":"post","link":"https:\/\/encuentroinformativo.com.mx\/?p=28738","title":{"rendered":"Jueves 30, quema del Mal Humor"},"content":{"rendered":"\n<p><strong>Alejandro \u00c1vila<\/strong><\/p>\n\n\n\n<p>Veracruz, Ver.- Para evitar alg\u00fan percance con la ciudadan\u00eda, se decidi\u00f3 que el pr\u00f3ximo jueves 30 de junio se realizar\u00e1 la Quema del Mal Humor en el z\u00f3calo de Veracruz.<\/p>\n\n\n\n<p>El presidente del Comit\u00e9 de Carnaval, Luis Antonio P\u00e9rez Fraga mencion\u00f3 que, para el Carnaval 2022 ser\u00e1 hecho ceniza el COVID.<\/p>\n\n\n\n<p>&#8220;La vamos a hacer el jueves, un d\u00eda antes del concierto y de la coronaci\u00f3n, en el z\u00f3calo de la ciudad, ya que esperamos un llenazo con Nicky Jam y con la coronaci\u00f3n, entonces, puede representar un riesgo cualquier chispa, cualquier papel prendido que pueda volar, que ya ven que la macroplaza corre mucho aire, entonces podr\u00eda representar un riesgo, entonces vamos a acordonar un \u00e1rea en el z\u00f3calo, y finalizando el tradicional desfile de los kinders del jueves adem\u00e1s la quema del mal humor&#8221;, apunt\u00f3.<\/p>\n\n\n\n<p>Para ese evento, estar\u00e1 presente el decimero, F\u00e9lix Mart\u00ednez Gonz\u00e1lez; mientras que para el entierro de Juan Carnaval el pr\u00f3ximo martes 5 de julio, el show estar\u00e1 a cargo de V\u00edctor Gonz\u00e1lez &#8220;El Jarocho&#8221;.<\/p>\n\n\n\n<p>&#8220;En el entierro, que tambi\u00e9n va ser en el z\u00f3calo, el martes terminando el desfile, tipo las 11 de la noche, se va a hacer el entierro de Juan Carnaval con el show de El Jarocho&#8221;, subray\u00f3.<\/p>\n\n\n\n<p>Finalmente dijo que, tras una acuerdo del Ayuntamiento de Veracruz con Asociaci\u00f3n de Hoteles y Moteles, no se permitir\u00e1n zonas de campamento ning\u00fan sitio de la ciudad, con la finalidad de reactivar la econom\u00eda, a trav\u00e9s de la renta de habitaciones.<\/p>\n","protected":false},"excerpt":{"rendered":"<p>Alejandro \u00c1vila Veracruz, Ver.- Para evitar alg\u00fan percance con la ciudadan\u00eda, se decidi\u00f3 que el pr\u00f3ximo jueves 30 de junio se realizar\u00e1 la Quema del Mal Humor en el z\u00f3calo de Veracruz. El presidente del Comit\u00e9 de Carnaval, Luis Antonio P\u00e9rez Fraga mencion\u00f3 que, para el Carnaval 2022 ser\u00e1 hecho ceniza el COVID. &#8220;La vamos [&hellip;]<\/p>\n","protected":false},"author":1,"featured_media":28739,"comment_status":"open","ping_status":"open","sticky":false,"template":"","format":"standard","meta":{"_jetpack_memberships_contains_paid_content":false,"footnotes":""},"categories":[2],"tags":[],"class_list":["post-28738","post","type-post","status-publish","format-standard","has-post-thumbnail","hentry","category-estado"],"jetpack_featured_media_url":"https:\/\/encuentroinformativo.com.mx\/wp-content\/uploads\/2022\/06\/C0780F07-BFE3-4940-8282-0CB6848C5D16.jpeg","jetpack_sharing_enabled":true,"jetpack_likes_enabled":true,"amp_enabled":true,"_links":{"self":[{"href":"https:\/\/encuentroinformativo.com.mx\/index.php?rest_route=\/wp\/v2\/posts\/28738","targetHints":{"allow":["GET"]}}],"collection":[{"href":"https:\/\/encuentroinformativo.com.mx\/index.php?rest_route=\/wp\/v2\/posts"}],"about":[{"href":"https:\/\/encuentroinformativo.com.mx\/index.php?rest_route=\/wp\/v2\/types\/post"}],"author":[{"embeddable":true,"href":"https:\/\/encuentroinformativo.com.mx\/index.php?rest_route=\/wp\/v2\/users\/1"}],"replies":[{"embeddable":true,"href":"https:\/\/encuentroinformativo.com.mx\/index.php?rest_route=%2Fwp%2Fv2%2Fcomments&post=28738"}],"version-history":[{"count":1,"href":"https:\/\/encuentroinformativo.com.mx\/index.php?rest_route=\/wp\/v2\/posts\/28738\/revisions"}],"predecessor-version":[{"id":28740,"href":"https:\/\/encuentroinformativo.com.mx\/index.php?rest_route=\/wp\/v2\/posts\/28738\/revisions\/28740"}],"wp:featuredmedia":[{"embeddable":true,"href":"https:\/\/encuentroinformativo.com.mx\/index.php?rest_route=\/wp\/v2\/media\/28739"}],"wp:attachment":[{"href":"https:\/\/encuentroinformativo.com.mx\/index.php?rest_route=%2Fwp%2Fv2%2Fmedia&parent=28738"}],"wp:term":[{"taxonomy":"category","embeddable":true,"href":"https:\/\/encuentroinformativo.com.mx\/index.php?rest_route=%2Fwp%2Fv2%2Fcategories&post=28738"},{"taxonomy":"post_tag","embeddable":true,"href":"https:\/\/encuentroinformativo.com.mx\/index.php?rest_route=%2Fwp%2Fv2%2Ftags&post=28738"}],"curies":[{"name":"wp","href":"https:\/\/api.w.org\/{rel}","templated":true}]}}