{"id":2874,"date":"2020-05-27T17:37:34","date_gmt":"2020-05-27T22:37:34","guid":{"rendered":"https:\/\/encuentroinformativo.com\/?p=2874"},"modified":"2020-05-27T17:37:38","modified_gmt":"2020-05-27T22:37:38","slug":"aplican-filtros-sanitarios-en-coatepec","status":"publish","type":"post","link":"https:\/\/encuentroinformativo.com.mx\/?p=2874","title":{"rendered":"Aplican filtros sanitarios en Coatepec"},"content":{"rendered":"\n<p><strong>Juan Arcos <\/strong><\/p>\n\n\n\n<p>Coatepec, Ver.- Filtros sanitarios fueron instalados en Coatepec a partir de este mi\u00e9rcoles 27 de mayo.<\/p>\n\n\n\n<p>Se busca reducir la aglomeraci\u00f3n y la movilidad durante los pr\u00f3ximos cinco d\u00edas, hasta el 31 de mayo.<\/p>\n\n\n\n<p>El presidente municipal de Coatepec, Luis Enrique Fern\u00e1ndez Peredo, indic\u00f3 que los filtros sanitarios fueron instalados sobre la calle Libertad a la altura del rastro municipal, en la glorieta de la entrada al Pueblo M\u00e1gico y en el entronque de la comunidad Zimpizahua.<\/p>\n\n\n\n<p>Cabe recordar que el filtro sanitario es una comprobaci\u00f3n r\u00e1pida de la condici\u00f3n de salud de las personas que circulan por dichas zonas.<\/p>\n\n\n\n<p>El edil dio a conocer que se continuar\u00e1 con la revisi\u00f3n de los comercios, a fin de que aquellos no sustanciales, se mantengan cerrados y los permitidos, operen con las medidas estrictas sanitarias.<\/p>\n\n\n\n<p>Tambi\u00e9n indic\u00f3 que se restringir\u00e1 el n\u00famero de pasajeros por viaje para autobuses del transporte p\u00fablico y de la modalidad de taxis, as\u00ed como tambi\u00e9n, para el n\u00famero de personas traslad\u00e1ndose en veh\u00edculos particulares (solo tres pasajeros, incluyendo al conductor).<br>Hasta la noche del martes, la Secretar\u00eda de Salud ten\u00eda registro de seis casos confirmados, tres en investigaci\u00f3n y una defunci\u00f3n por COVID-19 en Coatepec.<\/p>\n\n\n\n<p><\/p>\n","protected":false},"excerpt":{"rendered":"<p>Juan Arcos Coatepec, Ver.- Filtros sanitarios fueron instalados en Coatepec a partir de este mi\u00e9rcoles 27 de mayo. Se busca reducir la aglomeraci\u00f3n y la movilidad durante los pr\u00f3ximos cinco d\u00edas, hasta el 31 de mayo. El presidente municipal de Coatepec, Luis Enrique Fern\u00e1ndez Peredo, indic\u00f3 que los filtros sanitarios fueron instalados sobre la calle [&hellip;]<\/p>\n","protected":false},"author":1,"featured_media":2875,"comment_status":"open","ping_status":"open","sticky":false,"template":"","format":"standard","meta":{"_jetpack_memberships_contains_paid_content":false,"footnotes":""},"categories":[8],"tags":[],"class_list":["post-2874","post","type-post","status-publish","format-standard","has-post-thumbnail","hentry","category-region"],"jetpack_featured_media_url":"https:\/\/encuentroinformativo.com.mx\/wp-content\/uploads\/2020\/05\/5048CF19-0624-42CD-B14C-36C8C68DD3C9.jpeg","jetpack_sharing_enabled":true,"jetpack_likes_enabled":true,"amp_enabled":true,"_links":{"self":[{"href":"https:\/\/encuentroinformativo.com.mx\/index.php?rest_route=\/wp\/v2\/posts\/2874","targetHints":{"allow":["GET"]}}],"collection":[{"href":"https:\/\/encuentroinformativo.com.mx\/index.php?rest_route=\/wp\/v2\/posts"}],"about":[{"href":"https:\/\/encuentroinformativo.com.mx\/index.php?rest_route=\/wp\/v2\/types\/post"}],"author":[{"embeddable":true,"href":"https:\/\/encuentroinformativo.com.mx\/index.php?rest_route=\/wp\/v2\/users\/1"}],"replies":[{"embeddable":true,"href":"https:\/\/encuentroinformativo.com.mx\/index.php?rest_route=%2Fwp%2Fv2%2Fcomments&post=2874"}],"version-history":[{"count":1,"href":"https:\/\/encuentroinformativo.com.mx\/index.php?rest_route=\/wp\/v2\/posts\/2874\/revisions"}],"predecessor-version":[{"id":2876,"href":"https:\/\/encuentroinformativo.com.mx\/index.php?rest_route=\/wp\/v2\/posts\/2874\/revisions\/2876"}],"wp:featuredmedia":[{"embeddable":true,"href":"https:\/\/encuentroinformativo.com.mx\/index.php?rest_route=\/wp\/v2\/media\/2875"}],"wp:attachment":[{"href":"https:\/\/encuentroinformativo.com.mx\/index.php?rest_route=%2Fwp%2Fv2%2Fmedia&parent=2874"}],"wp:term":[{"taxonomy":"category","embeddable":true,"href":"https:\/\/encuentroinformativo.com.mx\/index.php?rest_route=%2Fwp%2Fv2%2Fcategories&post=2874"},{"taxonomy":"post_tag","embeddable":true,"href":"https:\/\/encuentroinformativo.com.mx\/index.php?rest_route=%2Fwp%2Fv2%2Ftags&post=2874"}],"curies":[{"name":"wp","href":"https:\/\/api.w.org\/{rel}","templated":true}]}}