{"id":28744,"date":"2022-06-24T12:24:41","date_gmt":"2022-06-24T17:24:41","guid":{"rendered":"https:\/\/encuentroinformativo.com.mx\/?p=28744"},"modified":"2022-06-24T12:24:45","modified_gmt":"2022-06-24T17:24:45","slug":"cafetaleros-mantienen-reclamos-para-mejorar-politicas-publicas","status":"publish","type":"post","link":"https:\/\/encuentroinformativo.com.mx\/?p=28744","title":{"rendered":"Cafetaleros mantienen reclamos para mejorar pol\u00edticas p\u00fablicas"},"content":{"rendered":"\n<p><strong>Juan Arcos <\/strong><\/p>\n\n\n\n<p>Xalapa, Ver.- Cafetaleros de la regi\u00f3n de Coatepec continuar\u00e1n exigiendo pol\u00edticas p\u00fablicas que mejoren la producci\u00f3n con elevados est\u00e1ndares de calidad en la entidad veracruzana.<\/p>\n\n\n\n<p>De acuerdo con Cirio Ruiz Gonz\u00e1lez, presidente del Consejo Regional del Caf\u00e9 de Coatepec, est\u00e1 pendiente la Ley del Caf\u00e9 que se propuso al Senado de la Rep\u00fablica.<\/p>\n\n\n\n<p>\u201cNo han cumplido con hacer una reuni\u00f3n r\u00e1pida, est\u00e1n venciendo mucho los plazos.<\/p>\n\n\n\n<p>Tampoco han cumplido en hacer reuniones que tengan que ver con el mejoramiento de la producci\u00f3n, de la calidad, caf\u00e9s de alta calidad\u201d, expres\u00f3.<\/p>\n\n\n\n<p>Insisti\u00f3 en que las empresas transnacionales buscan tener todo el control en la producci\u00f3n del arom\u00e1tico.<\/p>\n\n\n\n<p>\u201cEso quieren con el caf\u00e9, no es sustentable, en la parte social afecta, desplaza a los productores, en la parte econ\u00f3mica tambi\u00e9n\u201d, a\u00f1adi\u00f3.<\/p>\n\n\n\n<p>Ruiz Gonz\u00e1lez indic\u00f3 que M\u00e9xico ocupa uno de los primeros lugares a nivel internacional como un pa\u00eds que adultera y apoya a las compa\u00f1\u00edas transnacionales.<\/p>\n\n\n\n<p>\u201cCosta Rica y Colombia tienen esquemas muy importantes que se practican para el control de la calidad, los precios y el propio mercado\u201d.<\/p>\n\n\n\n<p>Por tal motivo, los cafetaleros pidieron al presidente de la Rep\u00fablica, Andr\u00e9s Manuel L\u00f3pez Obrador, que la agricultura del caf\u00e9 se enfoque al cuidado del medio ambiente, del agua y de la gente.<\/p>\n","protected":false},"excerpt":{"rendered":"<p>Juan Arcos Xalapa, Ver.- Cafetaleros de la regi\u00f3n de Coatepec continuar\u00e1n exigiendo pol\u00edticas p\u00fablicas que mejoren la producci\u00f3n con elevados est\u00e1ndares de calidad en la entidad veracruzana. De acuerdo con Cirio Ruiz Gonz\u00e1lez, presidente del Consejo Regional del Caf\u00e9 de Coatepec, est\u00e1 pendiente la Ley del Caf\u00e9 que se propuso al Senado de la Rep\u00fablica. [&hellip;]<\/p>\n","protected":false},"author":1,"featured_media":28745,"comment_status":"open","ping_status":"open","sticky":false,"template":"","format":"standard","meta":{"_jetpack_memberships_contains_paid_content":false,"footnotes":""},"categories":[8],"tags":[],"class_list":["post-28744","post","type-post","status-publish","format-standard","has-post-thumbnail","hentry","category-region"],"jetpack_featured_media_url":"https:\/\/encuentroinformativo.com.mx\/wp-content\/uploads\/2022\/06\/A49A0F06-07AA-47CB-ABB6-3D11758BD37F.jpeg","jetpack_sharing_enabled":true,"jetpack_likes_enabled":true,"amp_enabled":true,"_links":{"self":[{"href":"https:\/\/encuentroinformativo.com.mx\/index.php?rest_route=\/wp\/v2\/posts\/28744","targetHints":{"allow":["GET"]}}],"collection":[{"href":"https:\/\/encuentroinformativo.com.mx\/index.php?rest_route=\/wp\/v2\/posts"}],"about":[{"href":"https:\/\/encuentroinformativo.com.mx\/index.php?rest_route=\/wp\/v2\/types\/post"}],"author":[{"embeddable":true,"href":"https:\/\/encuentroinformativo.com.mx\/index.php?rest_route=\/wp\/v2\/users\/1"}],"replies":[{"embeddable":true,"href":"https:\/\/encuentroinformativo.com.mx\/index.php?rest_route=%2Fwp%2Fv2%2Fcomments&post=28744"}],"version-history":[{"count":1,"href":"https:\/\/encuentroinformativo.com.mx\/index.php?rest_route=\/wp\/v2\/posts\/28744\/revisions"}],"predecessor-version":[{"id":28746,"href":"https:\/\/encuentroinformativo.com.mx\/index.php?rest_route=\/wp\/v2\/posts\/28744\/revisions\/28746"}],"wp:featuredmedia":[{"embeddable":true,"href":"https:\/\/encuentroinformativo.com.mx\/index.php?rest_route=\/wp\/v2\/media\/28745"}],"wp:attachment":[{"href":"https:\/\/encuentroinformativo.com.mx\/index.php?rest_route=%2Fwp%2Fv2%2Fmedia&parent=28744"}],"wp:term":[{"taxonomy":"category","embeddable":true,"href":"https:\/\/encuentroinformativo.com.mx\/index.php?rest_route=%2Fwp%2Fv2%2Fcategories&post=28744"},{"taxonomy":"post_tag","embeddable":true,"href":"https:\/\/encuentroinformativo.com.mx\/index.php?rest_route=%2Fwp%2Fv2%2Ftags&post=28744"}],"curies":[{"name":"wp","href":"https:\/\/api.w.org\/{rel}","templated":true}]}}