{"id":28747,"date":"2022-06-24T12:41:24","date_gmt":"2022-06-24T17:41:24","guid":{"rendered":"https:\/\/encuentroinformativo.com.mx\/?p=28747"},"modified":"2022-06-24T12:41:27","modified_gmt":"2022-06-24T17:41:27","slug":"despues-de-dos-anos-se-reanudara-feria-del-libro","status":"publish","type":"post","link":"https:\/\/encuentroinformativo.com.mx\/?p=28747","title":{"rendered":"Despu\u00e9s de dos a\u00f1os, se reanudar\u00e1 Feria del Libro"},"content":{"rendered":"\n<p><strong>Juan Arcos <\/strong><\/p>\n\n\n\n<p>Xalapa, Ver.- Con actividades presenciales y en l\u00ednea, la Feria Nacional del Libro Infantil y Juvenil (FNLIJ) 2022 se llevar\u00e1 a cabo en el Colegio Preparatorio de Xalapa del 22 al 31 de julio.<\/p>\n\n\n\n<p>El cronista de la ciudad, Vicente Espino Jara, record\u00f3 que el evento hab\u00eda sido suspendido durante dos a\u00f1os consecutivos por la pandemia del Sars-Cov2 (Covid-19).<\/p>\n\n\n\n<p>El entrevistado indic\u00f3 que los lectores tendr\u00e1n la oportunidad de conocer a los escritores durante la trig\u00e9sima segunda edici\u00f3n de la feria.<\/p>\n\n\n\n<p>\u201cDespu\u00e9s de dos a\u00f1os retorna la feria del libro. Ser\u00e1 mixta, algunos ejercicios ser\u00e1n virtuales, otros presenciales y la escuela ya se est\u00e1 preparando justamente para que pronto se tengan las actividades tradicionales de la Feria\u201d, enfatiz\u00f3.<\/p>\n\n\n\n<p>El entrevistado indic\u00f3 que se contar\u00e1 con la presencia de expositores de todo el pa\u00eds, as\u00ed como de las librer\u00edas nacionales y locales.<\/p>\n\n\n\n<p>El importante evento cultural es organizado por el Instituto Veracruzano de la Cultura (IVEC), como se hab\u00eda hecho cada a\u00f1o. A la feria llegan miles de visitantes, para comprar sus obras literarias de todo tipo y g\u00e9nero.<\/p>\n\n\n\n<p>\u201cLa feria del libro la organiza el instituto veracruzano de la cultura, ser\u00e1 en la tradicional sede, en el colegio preparatorio de Xalapa. Aqu\u00ed quienes m\u00e1s se benefician son las familias xalape\u00f1as\u201d, enfatiz\u00f3.<br>Se espera una gran afluencia en las actividades presenciales de la Feria Nacional del Libro Infantil y Juvenil 2022.<\/p>\n","protected":false},"excerpt":{"rendered":"<p>Juan Arcos Xalapa, Ver.- Con actividades presenciales y en l\u00ednea, la Feria Nacional del Libro Infantil y Juvenil (FNLIJ) 2022 se llevar\u00e1 a cabo en el Colegio Preparatorio de Xalapa del 22 al 31 de julio. El cronista de la ciudad, Vicente Espino Jara, record\u00f3 que el evento hab\u00eda sido suspendido durante dos a\u00f1os consecutivos [&hellip;]<\/p>\n","protected":false},"author":1,"featured_media":28748,"comment_status":"open","ping_status":"open","sticky":false,"template":"","format":"standard","meta":{"_jetpack_memberships_contains_paid_content":false,"footnotes":""},"categories":[3],"tags":[],"class_list":["post-28747","post","type-post","status-publish","format-standard","has-post-thumbnail","hentry","category-xalapa"],"jetpack_featured_media_url":"https:\/\/encuentroinformativo.com.mx\/wp-content\/uploads\/2022\/06\/E2D72F02-DB66-4339-9B95-1D85BAE15077.jpeg","jetpack_sharing_enabled":true,"jetpack_likes_enabled":true,"amp_enabled":true,"_links":{"self":[{"href":"https:\/\/encuentroinformativo.com.mx\/index.php?rest_route=\/wp\/v2\/posts\/28747","targetHints":{"allow":["GET"]}}],"collection":[{"href":"https:\/\/encuentroinformativo.com.mx\/index.php?rest_route=\/wp\/v2\/posts"}],"about":[{"href":"https:\/\/encuentroinformativo.com.mx\/index.php?rest_route=\/wp\/v2\/types\/post"}],"author":[{"embeddable":true,"href":"https:\/\/encuentroinformativo.com.mx\/index.php?rest_route=\/wp\/v2\/users\/1"}],"replies":[{"embeddable":true,"href":"https:\/\/encuentroinformativo.com.mx\/index.php?rest_route=%2Fwp%2Fv2%2Fcomments&post=28747"}],"version-history":[{"count":1,"href":"https:\/\/encuentroinformativo.com.mx\/index.php?rest_route=\/wp\/v2\/posts\/28747\/revisions"}],"predecessor-version":[{"id":28749,"href":"https:\/\/encuentroinformativo.com.mx\/index.php?rest_route=\/wp\/v2\/posts\/28747\/revisions\/28749"}],"wp:featuredmedia":[{"embeddable":true,"href":"https:\/\/encuentroinformativo.com.mx\/index.php?rest_route=\/wp\/v2\/media\/28748"}],"wp:attachment":[{"href":"https:\/\/encuentroinformativo.com.mx\/index.php?rest_route=%2Fwp%2Fv2%2Fmedia&parent=28747"}],"wp:term":[{"taxonomy":"category","embeddable":true,"href":"https:\/\/encuentroinformativo.com.mx\/index.php?rest_route=%2Fwp%2Fv2%2Fcategories&post=28747"},{"taxonomy":"post_tag","embeddable":true,"href":"https:\/\/encuentroinformativo.com.mx\/index.php?rest_route=%2Fwp%2Fv2%2Ftags&post=28747"}],"curies":[{"name":"wp","href":"https:\/\/api.w.org\/{rel}","templated":true}]}}