{"id":28766,"date":"2022-06-24T22:54:19","date_gmt":"2022-06-25T03:54:19","guid":{"rendered":"https:\/\/encuentroinformativo.com.mx\/?p=28766"},"modified":"2022-06-24T22:54:23","modified_gmt":"2022-06-25T03:54:23","slug":"boca-del-rio-respalda-la-libertad-de-expresion-y-principio-de-igualdad-alcalde-jm-unanue","status":"publish","type":"post","link":"https:\/\/encuentroinformativo.com.mx\/?p=28766","title":{"rendered":"Boca del R\u00edo respalda la libertad de expresi\u00f3n y principio de igualdad: Alcalde JM Un\u00e1nue"},"content":{"rendered":"\n<p><strong>*Estuvo presente en la capacitaci\u00f3n magistral \u201cMujeres y Libertad de Expresi\u00f3n que se llev\u00f3 a cabo en el Foro Boca.<\/strong><\/p>\n\n\n\n<p>Boca del R\u00edo, Ver.- El Ayuntamiento de Boca del R\u00edo, fomenta y busca materializar la igualdad de g\u00e9nero, por ello, respald\u00f3 la realizaci\u00f3n de la capacitaci\u00f3n magistral, \u201cMujeres y Libertad de Expresi\u00f3n\u201d.<\/p>\n\n\n\n<p>La cual fue organizada por la Comisi\u00f3n Estatal para la Atenci\u00f3n y Protecci\u00f3n de los Periodistas (CEAPP) y la Diputada Local, Maribel Ram\u00edrez Topete, presidenta de la Comisi\u00f3n de Igualdad de G\u00e9nero e impartida por la Maestra Aurora Aguilar Rodr\u00edguez.<\/p>\n\n\n\n<p>Entre los retos y desaf\u00edos que actualmente vive la sociedad veracruzana, son reducir la brecha de desigualdad que impera, entre ellos, el gremio period\u00edstico de la conurbaci\u00f3n Veracruz-Boca del R\u00edo.<\/p>\n\n\n\n<p>Dicha capacitaci\u00f3n fue realizada en las instalaciones del Foro Boca, donde el Alcalde de Boca del R\u00edo, Juan Manuel Un\u00e1nue Abascal, se dijo convencido que la discusi\u00f3n e intercambio de ideas, logra una sociedad m\u00e1s igualitaria.<\/p>\n\n\n\n<p>\u201cEl derecho a la libertad de expresi\u00f3n, habilita un debate p\u00fablico, rico en opiniones y en diversidad de ideas, ya que supone que, para que la ciudadan\u00eda pueda decidir sobre temas de fundamental importancia, debe poder acceder a la mayor cantidad posible de informaci\u00f3n\u201d.<\/p>\n\n\n\n<p>Con ello, las mujeres pueden acceder a la equidad, igualdad, solidaridad, diversidad, universalidad y participaci\u00f3n pol\u00edtica, pero muy importante, ganar espacios en los medios de comunicaci\u00f3n.<\/p>\n\n\n\n<p>\u201cEsta riqueza, es la que aporta relevancia al evento de este d\u00eda, especialmente a la hora de pensar en mujeres l\u00edderes, por que la falta de participaci\u00f3n o de espacios donde puedan dar a conocer sus voces, imposibilita que sus opiniones puedan constituirse como referentes\u201d, resalt\u00f3 Un\u00e1nue Abascal.<\/p>\n\n\n\n<p>El Presidente Municipal de Boca del R\u00edo, celebr\u00f3 que este tipo de acciones puedan garantizar los derechos de las f\u00e9minas, y enfatiz\u00f3 que, desde la administraci\u00f3n municipal, se trabaja para que las boque\u00f1as en todos los \u00e1mbitos, vivan en condiciones de igualdad y no de discriminaci\u00f3n.<\/p>\n\n\n\n<p>Por su parte, la Comisionada de la CEAPP, Alejandra Herrera G\u00f3mez, agradeci\u00f3 al mun\u00edcipe, Juan Manuel Un\u00e1nue Abascal, as\u00ed como a la Directora del Instituto Municipal de las Mujeres de Boca del R\u00edo, Ana Gabriela Pantoja Andrade, por todas las facilidades para la realizaci\u00f3n de la capacitaci\u00f3n magistral.<\/p>\n\n\n\n<p>Apunt\u00f3, adem\u00e1s, que desde que se firm\u00f3 un convenio de colaboraci\u00f3n con el Instituto Municipal de las Mujeres de Boca del R\u00edo, \u201cnos comprometimos para realizar diversas actividades y eventos, como talleres y cursos de capacitaci\u00f3n como el que hoy se realiza, para fomentar y materializar la igualdad de genero entre nuestro gremio period\u00edstico\u201d.<\/p>\n\n\n\n<p>En tanto, la Legisladora, Maribel Ram\u00edrez Topete, hizo un llamado a seguir impulsando acciones para construir espacios libres de violencia y adem\u00e1s reconoci\u00f3 al Alcalde Juan Manuel Un\u00e1nue, como un gran aliado de las boque\u00f1as y las veracruzanas, que desde su gobierno, se llevan a cabo acciones enfocadas al empoderamiento femenino.<\/p>\n\n\n\n<p>En esta capacitaci\u00f3n tambi\u00e9n estuvo presente la Presidenta Municipal de Veracruz, Patricia Lobeira de Yunes, as\u00ed como la Comisionada de la CEAPP; Patricia Gonz\u00e1lez Vargas.<\/p>\n","protected":false},"excerpt":{"rendered":"<p>*Estuvo presente en la capacitaci\u00f3n magistral \u201cMujeres y Libertad de Expresi\u00f3n que se llev\u00f3 a cabo en el Foro Boca. Boca del R\u00edo, Ver.- El Ayuntamiento de Boca del R\u00edo, fomenta y busca materializar la igualdad de g\u00e9nero, por ello, respald\u00f3 la realizaci\u00f3n de la capacitaci\u00f3n magistral, \u201cMujeres y Libertad de Expresi\u00f3n\u201d. La cual fue [&hellip;]<\/p>\n","protected":false},"author":1,"featured_media":28767,"comment_status":"open","ping_status":"open","sticky":false,"template":"","format":"standard","meta":{"_jetpack_memberships_contains_paid_content":false,"footnotes":""},"categories":[2],"tags":[],"class_list":["post-28766","post","type-post","status-publish","format-standard","has-post-thumbnail","hentry","category-estado"],"jetpack_featured_media_url":"https:\/\/encuentroinformativo.com.mx\/wp-content\/uploads\/2022\/06\/34446DC0-AE6B-4328-8AF0-0D0FE5D1BE48.jpeg","jetpack_sharing_enabled":true,"jetpack_likes_enabled":true,"amp_enabled":true,"_links":{"self":[{"href":"https:\/\/encuentroinformativo.com.mx\/index.php?rest_route=\/wp\/v2\/posts\/28766","targetHints":{"allow":["GET"]}}],"collection":[{"href":"https:\/\/encuentroinformativo.com.mx\/index.php?rest_route=\/wp\/v2\/posts"}],"about":[{"href":"https:\/\/encuentroinformativo.com.mx\/index.php?rest_route=\/wp\/v2\/types\/post"}],"author":[{"embeddable":true,"href":"https:\/\/encuentroinformativo.com.mx\/index.php?rest_route=\/wp\/v2\/users\/1"}],"replies":[{"embeddable":true,"href":"https:\/\/encuentroinformativo.com.mx\/index.php?rest_route=%2Fwp%2Fv2%2Fcomments&post=28766"}],"version-history":[{"count":1,"href":"https:\/\/encuentroinformativo.com.mx\/index.php?rest_route=\/wp\/v2\/posts\/28766\/revisions"}],"predecessor-version":[{"id":28768,"href":"https:\/\/encuentroinformativo.com.mx\/index.php?rest_route=\/wp\/v2\/posts\/28766\/revisions\/28768"}],"wp:featuredmedia":[{"embeddable":true,"href":"https:\/\/encuentroinformativo.com.mx\/index.php?rest_route=\/wp\/v2\/media\/28767"}],"wp:attachment":[{"href":"https:\/\/encuentroinformativo.com.mx\/index.php?rest_route=%2Fwp%2Fv2%2Fmedia&parent=28766"}],"wp:term":[{"taxonomy":"category","embeddable":true,"href":"https:\/\/encuentroinformativo.com.mx\/index.php?rest_route=%2Fwp%2Fv2%2Fcategories&post=28766"},{"taxonomy":"post_tag","embeddable":true,"href":"https:\/\/encuentroinformativo.com.mx\/index.php?rest_route=%2Fwp%2Fv2%2Ftags&post=28766"}],"curies":[{"name":"wp","href":"https:\/\/api.w.org\/{rel}","templated":true}]}}