{"id":28777,"date":"2022-06-25T15:35:12","date_gmt":"2022-06-25T20:35:12","guid":{"rendered":"https:\/\/encuentroinformativo.com.mx\/?p=28777"},"modified":"2022-06-25T15:35:15","modified_gmt":"2022-06-25T20:35:15","slug":"con-marcha-colectivos-recuerdan-a-personas-desaparecidas","status":"publish","type":"post","link":"https:\/\/encuentroinformativo.com.mx\/?p=28777","title":{"rendered":"Con marcha Colectivos recuerdan a personas desaparecidas"},"content":{"rendered":"\n<p><strong>Dar\u00edo Pale <\/strong><\/p>\n\n\n\n<p>Xalapa, Ver.- Victoria Delgadillo Romero del colectivo familiar &#8220;Enlaces Xalapa&#8221; dio a conocer que como cada mes salieron a marchar por las principales calles de Xalapa y a manifestarse por los desaparecidos ya que en el mes de junio hay tres desaparecidos y no hay avances por parte de la fiscal\u00eda general del estado.<\/p>\n\n\n\n<p>Entrevistada durante la manifestaci\u00f3n en la plaza Lerdo se\u00f1al\u00f3 que, Luis Dami\u00e1n, Rogelio y Alan, son desaparecidos del mes de junio de diferente a\u00f1o pero del mismo mes, y no van a permitir que las autoridades se olviden de sus hijos.<\/p>\n\n\n\n<p>Se\u00f1al\u00f3 que sus familiares no son carpetas ni son n\u00fameros ya que tienen un nombre y una familia las cuales est\u00e1n pidiendo a las autoridades que siga la investigaci\u00f3n y que sigan con la b\u00fasqueda de sus familiares.<\/p>\n\n\n\n<p>Las manifestaciones se dan porque no hay resultados por parte de la fiscal\u00eda, por lo cual se est\u00e1n manifestando y apoyando, &#8220;ya basta de tanta impunidad, si ya basta de que no est\u00e9n haciendo las investigaciones y de que nosotros las familias tengamos que estar exigiendo a cada rato lo que tienen que hacer&#8221;.<\/p>\n\n\n\n<p>Durante la marcha en sus pancartas se le\u00edan los nombres de Alan Ricardo Dom\u00ednguez Guti\u00e9rrez desaparecido el 20 de junio de 2019 en Ecatepec, estado de M\u00e9xico.<\/p>\n\n\n\n<p>Tambi\u00e9n por Luis Dami\u00e1n Pineda Medina quien desapareci\u00f3 el 12 de junio de 2013 en la ciudad de Xalapa y Rogelio C\u00f3rdoba Su\u00e1rez. \u00c9l desapareci\u00f3 el 21 de junio de 2016 en Xico, Veracruz.<\/p>\n\n\n\n<p>Finalmente cabe se\u00f1alar que los manifestantes avanzaron por la avenida 20 de noviembre hacia la calle Xalape\u00f1os Ilustres, para posteriormente incorporarse a Juan de la Luz Enr\u00edquez y finalmente se plantaron en la plaza Sebasti\u00e1n Lerdo de Tejada, frente al Palacio de Gobierno.<\/p>\n\n\n\n<figure class=\"wp-block-image size-large\"><img loading=\"lazy\" decoding=\"async\" width=\"1024\" height=\"683\" src=\"https:\/\/encuentroinformativo.com.mx\/wp-content\/uploads\/2022\/06\/73C0D35C-38B7-4F3F-BD90-8C4FBCCB9108-1024x683.jpeg\" alt=\"\" class=\"wp-image-28779\" srcset=\"https:\/\/encuentroinformativo.com.mx\/wp-content\/uploads\/2022\/06\/73C0D35C-38B7-4F3F-BD90-8C4FBCCB9108-1024x683.jpeg 1024w, https:\/\/encuentroinformativo.com.mx\/wp-content\/uploads\/2022\/06\/73C0D35C-38B7-4F3F-BD90-8C4FBCCB9108-300x200.jpeg 300w, https:\/\/encuentroinformativo.com.mx\/wp-content\/uploads\/2022\/06\/73C0D35C-38B7-4F3F-BD90-8C4FBCCB9108-768x512.jpeg 768w, https:\/\/encuentroinformativo.com.mx\/wp-content\/uploads\/2022\/06\/73C0D35C-38B7-4F3F-BD90-8C4FBCCB9108.jpeg 1488w\" sizes=\"auto, (max-width: 1024px) 100vw, 1024px\" \/><\/figure>\n","protected":false},"excerpt":{"rendered":"<p>Dar\u00edo Pale Xalapa, Ver.- Victoria Delgadillo Romero del colectivo familiar &#8220;Enlaces Xalapa&#8221; dio a conocer que como cada mes salieron a marchar por las principales calles de Xalapa y a manifestarse por los desaparecidos ya que en el mes de junio hay tres desaparecidos y no hay avances por parte de la fiscal\u00eda general del [&hellip;]<\/p>\n","protected":false},"author":1,"featured_media":28778,"comment_status":"open","ping_status":"open","sticky":false,"template":"","format":"standard","meta":{"_jetpack_memberships_contains_paid_content":false,"footnotes":""},"categories":[3],"tags":[],"class_list":["post-28777","post","type-post","status-publish","format-standard","has-post-thumbnail","hentry","category-xalapa"],"jetpack_featured_media_url":"https:\/\/encuentroinformativo.com.mx\/wp-content\/uploads\/2022\/06\/6DBA6BEC-2521-4CD8-800F-CA2AB59E0E84.jpeg","jetpack_sharing_enabled":true,"jetpack_likes_enabled":true,"amp_enabled":true,"_links":{"self":[{"href":"https:\/\/encuentroinformativo.com.mx\/index.php?rest_route=\/wp\/v2\/posts\/28777","targetHints":{"allow":["GET"]}}],"collection":[{"href":"https:\/\/encuentroinformativo.com.mx\/index.php?rest_route=\/wp\/v2\/posts"}],"about":[{"href":"https:\/\/encuentroinformativo.com.mx\/index.php?rest_route=\/wp\/v2\/types\/post"}],"author":[{"embeddable":true,"href":"https:\/\/encuentroinformativo.com.mx\/index.php?rest_route=\/wp\/v2\/users\/1"}],"replies":[{"embeddable":true,"href":"https:\/\/encuentroinformativo.com.mx\/index.php?rest_route=%2Fwp%2Fv2%2Fcomments&post=28777"}],"version-history":[{"count":1,"href":"https:\/\/encuentroinformativo.com.mx\/index.php?rest_route=\/wp\/v2\/posts\/28777\/revisions"}],"predecessor-version":[{"id":28780,"href":"https:\/\/encuentroinformativo.com.mx\/index.php?rest_route=\/wp\/v2\/posts\/28777\/revisions\/28780"}],"wp:featuredmedia":[{"embeddable":true,"href":"https:\/\/encuentroinformativo.com.mx\/index.php?rest_route=\/wp\/v2\/media\/28778"}],"wp:attachment":[{"href":"https:\/\/encuentroinformativo.com.mx\/index.php?rest_route=%2Fwp%2Fv2%2Fmedia&parent=28777"}],"wp:term":[{"taxonomy":"category","embeddable":true,"href":"https:\/\/encuentroinformativo.com.mx\/index.php?rest_route=%2Fwp%2Fv2%2Fcategories&post=28777"},{"taxonomy":"post_tag","embeddable":true,"href":"https:\/\/encuentroinformativo.com.mx\/index.php?rest_route=%2Fwp%2Fv2%2Ftags&post=28777"}],"curies":[{"name":"wp","href":"https:\/\/api.w.org\/{rel}","templated":true}]}}