{"id":28781,"date":"2022-06-26T14:30:19","date_gmt":"2022-06-26T19:30:19","guid":{"rendered":"https:\/\/encuentroinformativo.com.mx\/?p=28781"},"modified":"2022-06-26T14:30:23","modified_gmt":"2022-06-26T19:30:23","slug":"este-lunes-inicia-vacunacion-para-menores-de-5-a-11-anos","status":"publish","type":"post","link":"https:\/\/encuentroinformativo.com.mx\/?p=28781","title":{"rendered":"Este lunes inicia vacunaci\u00f3n para menores de 5 a 11 a\u00f1os"},"content":{"rendered":"\n<p><strong>Juan Arcos <\/strong><\/p>\n\n\n\n<p>Xalapa, Ver.- A partir del lunes 27 de junio inicia la vacunaci\u00f3n contra Sars-Cov2 (Covid-19) a los menores de cinco a 11 a\u00f1os en los municipios de Veracruz, Boca del R\u00edo y Xalapa.<\/p>\n\n\n\n<p>De acuerdo con el delegado de Programas para el Desarrollo, Manuel Huerta Ladr\u00f3n de Guevara, el orden que seguir\u00e1n estas jornadas ser\u00e1 por letrado y en distintas sedes.<\/p>\n\n\n\n<p>En Xalapa se vacunar\u00e1 en la Torre Olmo, la Facultad de Medicina de la UV, el Gimnasio Omega y el 28 de junio, como \u00fanico d\u00eda, en el Sal\u00f3n Ejidal &#8220;El Castillo\u201d.<\/p>\n\n\n\n<p>El orden ser\u00e1 de la letra \u201cA\u201d a la \u201cG\u201d el primer d\u00eda, de la \u201cH\u201d a la \u201cO\u201d el 28 y el \u00faltimo d\u00eda 29 de la \u201cP\u201d a la \u201cZ\u201d.<\/p>\n\n\n\n<p>El funcionario federal detall\u00f3 que, para el puerto de Veracruz y Boca del R\u00edo, la aplicaci\u00f3n ser\u00e1 en el Estadio &#8220;Luis Pirata Fuente&#8221;, en el \u00c1gora del Campo Deportivo Amapolas y en el Tecnol\u00f3gico de Veracruz.<\/p>\n\n\n\n<p>El d\u00eda 27 podr\u00e1n acudir de la \u201cA\u201d a la \u201cI\u201d, de la \u201cJ\u201d a la \u201cQ\u201d el 28 y el mi\u00e9rcoles 29 de la \u201cR\u201d a la \u201cZ\u201d.<\/p>\n\n\n\n<p>Huerta Ladr\u00f3n de Guevara detall\u00f3 que el mi\u00e9rcoles podr\u00e1n acudir a vacunarse todos los que tengan alguna dosis de rezago o no pudieron acudir los d\u00edas previos, ya sean los menores de 15 a 17 a\u00f1os para su segunda dosis, o la poblaci\u00f3n a partir de los 18 a\u00f1os.<\/p>\n\n\n\n<p>El funcionario explic\u00f3 que para asistir a la vacunaci\u00f3n es importante imprimir el documento que muestra la p\u00e1gina al terminar el registro. Adem\u00e1s de la identificaci\u00f3n de los tutores, con ello se les dar\u00e1 a firmar una carta de consentimiento.<\/p>\n\n\n\n<figure class=\"wp-block-image size-large\"><img loading=\"lazy\" decoding=\"async\" width=\"600\" height=\"1024\" src=\"https:\/\/encuentroinformativo.com.mx\/wp-content\/uploads\/2022\/06\/A512ABA8-35AB-40E9-BFFB-0EB528BC7CC6-600x1024.jpeg\" alt=\"\" class=\"wp-image-28782\" srcset=\"https:\/\/encuentroinformativo.com.mx\/wp-content\/uploads\/2022\/06\/A512ABA8-35AB-40E9-BFFB-0EB528BC7CC6-600x1024.jpeg 600w, https:\/\/encuentroinformativo.com.mx\/wp-content\/uploads\/2022\/06\/A512ABA8-35AB-40E9-BFFB-0EB528BC7CC6-176x300.jpeg 176w, https:\/\/encuentroinformativo.com.mx\/wp-content\/uploads\/2022\/06\/A512ABA8-35AB-40E9-BFFB-0EB528BC7CC6.jpeg 750w\" sizes=\"auto, (max-width: 600px) 100vw, 600px\" \/><\/figure>\n\n\n\n<figure class=\"wp-block-image size-large\"><img loading=\"lazy\" decoding=\"async\" width=\"600\" height=\"1024\" src=\"https:\/\/encuentroinformativo.com.mx\/wp-content\/uploads\/2022\/06\/ED596CC8-DAC7-4509-835F-F8709118718B-600x1024.jpeg\" alt=\"\" class=\"wp-image-28783\" srcset=\"https:\/\/encuentroinformativo.com.mx\/wp-content\/uploads\/2022\/06\/ED596CC8-DAC7-4509-835F-F8709118718B-600x1024.jpeg 600w, https:\/\/encuentroinformativo.com.mx\/wp-content\/uploads\/2022\/06\/ED596CC8-DAC7-4509-835F-F8709118718B-176x300.jpeg 176w, https:\/\/encuentroinformativo.com.mx\/wp-content\/uploads\/2022\/06\/ED596CC8-DAC7-4509-835F-F8709118718B.jpeg 750w\" sizes=\"auto, (max-width: 600px) 100vw, 600px\" \/><\/figure>\n","protected":false},"excerpt":{"rendered":"<p>Juan Arcos Xalapa, Ver.- A partir del lunes 27 de junio inicia la vacunaci\u00f3n contra Sars-Cov2 (Covid-19) a los menores de cinco a 11 a\u00f1os en los municipios de Veracruz, Boca del R\u00edo y Xalapa. De acuerdo con el delegado de Programas para el Desarrollo, Manuel Huerta Ladr\u00f3n de Guevara, el orden que seguir\u00e1n estas [&hellip;]<\/p>\n","protected":false},"author":1,"featured_media":26422,"comment_status":"open","ping_status":"open","sticky":false,"template":"","format":"standard","meta":{"_jetpack_memberships_contains_paid_content":false,"footnotes":""},"categories":[9],"tags":[],"class_list":["post-28781","post","type-post","status-publish","format-standard","has-post-thumbnail","hentry","category-salud"],"jetpack_featured_media_url":"https:\/\/encuentroinformativo.com.mx\/wp-content\/uploads\/2022\/04\/13887C24-5A01-43CF-8209-A3FC8214D157.jpeg","jetpack_sharing_enabled":true,"jetpack_likes_enabled":true,"amp_enabled":true,"_links":{"self":[{"href":"https:\/\/encuentroinformativo.com.mx\/index.php?rest_route=\/wp\/v2\/posts\/28781","targetHints":{"allow":["GET"]}}],"collection":[{"href":"https:\/\/encuentroinformativo.com.mx\/index.php?rest_route=\/wp\/v2\/posts"}],"about":[{"href":"https:\/\/encuentroinformativo.com.mx\/index.php?rest_route=\/wp\/v2\/types\/post"}],"author":[{"embeddable":true,"href":"https:\/\/encuentroinformativo.com.mx\/index.php?rest_route=\/wp\/v2\/users\/1"}],"replies":[{"embeddable":true,"href":"https:\/\/encuentroinformativo.com.mx\/index.php?rest_route=%2Fwp%2Fv2%2Fcomments&post=28781"}],"version-history":[{"count":1,"href":"https:\/\/encuentroinformativo.com.mx\/index.php?rest_route=\/wp\/v2\/posts\/28781\/revisions"}],"predecessor-version":[{"id":28784,"href":"https:\/\/encuentroinformativo.com.mx\/index.php?rest_route=\/wp\/v2\/posts\/28781\/revisions\/28784"}],"wp:featuredmedia":[{"embeddable":true,"href":"https:\/\/encuentroinformativo.com.mx\/index.php?rest_route=\/wp\/v2\/media\/26422"}],"wp:attachment":[{"href":"https:\/\/encuentroinformativo.com.mx\/index.php?rest_route=%2Fwp%2Fv2%2Fmedia&parent=28781"}],"wp:term":[{"taxonomy":"category","embeddable":true,"href":"https:\/\/encuentroinformativo.com.mx\/index.php?rest_route=%2Fwp%2Fv2%2Fcategories&post=28781"},{"taxonomy":"post_tag","embeddable":true,"href":"https:\/\/encuentroinformativo.com.mx\/index.php?rest_route=%2Fwp%2Fv2%2Ftags&post=28781"}],"curies":[{"name":"wp","href":"https:\/\/api.w.org\/{rel}","templated":true}]}}