{"id":28785,"date":"2022-06-26T14:40:10","date_gmt":"2022-06-26T19:40:10","guid":{"rendered":"https:\/\/encuentroinformativo.com.mx\/?p=28785"},"modified":"2022-06-26T14:40:13","modified_gmt":"2022-06-26T19:40:13","slug":"siguen-sin-localizar-a-2-menores-en-xalapa","status":"publish","type":"post","link":"https:\/\/encuentroinformativo.com.mx\/?p=28785","title":{"rendered":"Siguen sin localizar a 2 menores en Xalapa"},"content":{"rendered":"\n<p><strong>Juan Arcos <\/strong><\/p>\n\n\n\n<p>Xalapa, Ver.- Los hermanos Itzel y David, de 11 y nueve a\u00f1os, se extraviaron en la ciudad de Xalapa desde el pasado domingo 19 de junio.<\/p>\n\n\n\n<p>Itzel Itandehui y David Antonio Alarc\u00f3n Velasco fueron vistos por \u00faltima vez en la calle Luis Donaldo Colosio, en la colonia Miguel Alem\u00e1n, en la capital del estado, sin que hasta el momento se tengan datos de su paradero.<\/p>\n\n\n\n<p>La Fiscal\u00eda General del Estado (FGE), a cargo de Ver\u00f3nica Hern\u00e1ndez Giad\u00e1ns, emiti\u00f3 la Alerta Amber para su b\u00fasqueda y localizaci\u00f3n.<\/p>\n\n\n\n<p>El ni\u00f1o mide un metro con 35 cent\u00edmetros, pesa 35 kilogramos, tiene la cara ovalada, cabello corto y negro, ojos caf\u00e9 oscuros, boca chica, labios delgados, nariz chata y tez morena clara. Mientas que la ni\u00f1a presenta trastorno del espectro autista.<\/p>\n\n\n\n<p>Carolina del Valle, abuela de los menores, indic\u00f3 que presuntamente Itzel y David fueron vistos en la zona de Las Trancas, el pasado s\u00e1bado, alrededor de las cuatro de la tarde.<\/p>\n\n\n\n<p>\u201cLos vieron en Las Trancas con su mochilita, no s\u00e9 qu\u00e9 llevar\u00edan. Se escaparon de su casa y ya pas\u00f3 una semana\u201d, expres\u00f3.<\/p>\n\n\n\n<p>Los ni\u00f1os estaban solos en casa, pues su madre Yazmin Velasco hab\u00eda salido con su actual pareja sentimental.<\/p>\n\n\n\n<p>\u201cParece ser que en esos instantes estaba en el hospital con una pareja, que se hab\u00eda puesto enferma, pero cuando regres\u00f3 ya no estaban los ni\u00f1os\u201d, enfatiz\u00f3 la abuela.<\/p>\n\n\n\n<p>Cualquier informaci\u00f3n sobre su paradero puede proporcionarse a trav\u00e9s de los n\u00fameros telef\u00f3nicos 55 53 46 25 16, 800 890 72 88 y al n\u00famero de emergencias 911.<\/p>\n\n\n\n<figure class=\"wp-block-image size-large\"><img loading=\"lazy\" decoding=\"async\" width=\"622\" height=\"1024\" src=\"https:\/\/encuentroinformativo.com.mx\/wp-content\/uploads\/2022\/06\/2F20EE3E-A00E-458D-B9B9-2B375B3F6B7A-622x1024.jpeg\" alt=\"\" class=\"wp-image-28786\" srcset=\"https:\/\/encuentroinformativo.com.mx\/wp-content\/uploads\/2022\/06\/2F20EE3E-A00E-458D-B9B9-2B375B3F6B7A-622x1024.jpeg 622w, https:\/\/encuentroinformativo.com.mx\/wp-content\/uploads\/2022\/06\/2F20EE3E-A00E-458D-B9B9-2B375B3F6B7A-182x300.jpeg 182w, https:\/\/encuentroinformativo.com.mx\/wp-content\/uploads\/2022\/06\/2F20EE3E-A00E-458D-B9B9-2B375B3F6B7A-768x1265.jpeg 768w, https:\/\/encuentroinformativo.com.mx\/wp-content\/uploads\/2022\/06\/2F20EE3E-A00E-458D-B9B9-2B375B3F6B7A-932x1536.jpeg 932w, https:\/\/encuentroinformativo.com.mx\/wp-content\/uploads\/2022\/06\/2F20EE3E-A00E-458D-B9B9-2B375B3F6B7A.jpeg 1080w\" sizes=\"auto, (max-width: 622px) 100vw, 622px\" \/><\/figure>\n","protected":false},"excerpt":{"rendered":"<p>Juan Arcos Xalapa, Ver.- Los hermanos Itzel y David, de 11 y nueve a\u00f1os, se extraviaron en la ciudad de Xalapa desde el pasado domingo 19 de junio. Itzel Itandehui y David Antonio Alarc\u00f3n Velasco fueron vistos por \u00faltima vez en la calle Luis Donaldo Colosio, en la colonia Miguel Alem\u00e1n, en la capital del [&hellip;]<\/p>\n","protected":false},"author":1,"featured_media":28786,"comment_status":"open","ping_status":"open","sticky":false,"template":"","format":"standard","meta":{"_jetpack_memberships_contains_paid_content":false,"footnotes":""},"categories":[3],"tags":[],"class_list":["post-28785","post","type-post","status-publish","format-standard","has-post-thumbnail","hentry","category-xalapa"],"jetpack_featured_media_url":"https:\/\/encuentroinformativo.com.mx\/wp-content\/uploads\/2022\/06\/2F20EE3E-A00E-458D-B9B9-2B375B3F6B7A.jpeg","jetpack_sharing_enabled":true,"jetpack_likes_enabled":true,"amp_enabled":true,"_links":{"self":[{"href":"https:\/\/encuentroinformativo.com.mx\/index.php?rest_route=\/wp\/v2\/posts\/28785","targetHints":{"allow":["GET"]}}],"collection":[{"href":"https:\/\/encuentroinformativo.com.mx\/index.php?rest_route=\/wp\/v2\/posts"}],"about":[{"href":"https:\/\/encuentroinformativo.com.mx\/index.php?rest_route=\/wp\/v2\/types\/post"}],"author":[{"embeddable":true,"href":"https:\/\/encuentroinformativo.com.mx\/index.php?rest_route=\/wp\/v2\/users\/1"}],"replies":[{"embeddable":true,"href":"https:\/\/encuentroinformativo.com.mx\/index.php?rest_route=%2Fwp%2Fv2%2Fcomments&post=28785"}],"version-history":[{"count":1,"href":"https:\/\/encuentroinformativo.com.mx\/index.php?rest_route=\/wp\/v2\/posts\/28785\/revisions"}],"predecessor-version":[{"id":28787,"href":"https:\/\/encuentroinformativo.com.mx\/index.php?rest_route=\/wp\/v2\/posts\/28785\/revisions\/28787"}],"wp:featuredmedia":[{"embeddable":true,"href":"https:\/\/encuentroinformativo.com.mx\/index.php?rest_route=\/wp\/v2\/media\/28786"}],"wp:attachment":[{"href":"https:\/\/encuentroinformativo.com.mx\/index.php?rest_route=%2Fwp%2Fv2%2Fmedia&parent=28785"}],"wp:term":[{"taxonomy":"category","embeddable":true,"href":"https:\/\/encuentroinformativo.com.mx\/index.php?rest_route=%2Fwp%2Fv2%2Fcategories&post=28785"},{"taxonomy":"post_tag","embeddable":true,"href":"https:\/\/encuentroinformativo.com.mx\/index.php?rest_route=%2Fwp%2Fv2%2Ftags&post=28785"}],"curies":[{"name":"wp","href":"https:\/\/api.w.org\/{rel}","templated":true}]}}