{"id":28788,"date":"2022-06-26T14:49:51","date_gmt":"2022-06-26T19:49:51","guid":{"rendered":"https:\/\/encuentroinformativo.com.mx\/?p=28788"},"modified":"2022-06-26T14:49:57","modified_gmt":"2022-06-26T19:49:57","slug":"esperan-hoteleros-ocupacion-de-60-por-vacaciones-de-verano","status":"publish","type":"post","link":"https:\/\/encuentroinformativo.com.mx\/?p=28788","title":{"rendered":"Esperan hoteleros ocupaci\u00f3n de 60% por vacaciones de verano"},"content":{"rendered":"\n<p><strong>Juan Arcos <\/strong><\/p>\n\n\n\n<p>Veracruz, Ver.- Empresarios de la zona conurbada Veracruz-Boca del R\u00edo prev\u00e9n una ocupaci\u00f3n hotelera del 60 por ciento durante el periodo vacacional de verano, con cifras del 80 por ciento durante los fines de semana.<\/p>\n\n\n\n<p>As\u00ed lo dio a conocer Sergio Lois Heredia, presidente del Consejo Metropolitano de Turismo (Cometur), quien a\u00f1adi\u00f3 que se reporta un incremento en la ocupaci\u00f3n hotelera y la reactivaci\u00f3n tur\u00edstica en dicha zona de la entidad.<\/p>\n\n\n\n<p>Record\u00f3 que esto no se hab\u00eda visto desde hace dos o tres a\u00f1os, pues derivado de la pandemia por Sars-Cov2 (Covid-19) se hab\u00edan registrado p\u00e9rdidas totales tras el cierre de los establecimientos.<\/p>\n\n\n\n<p>Autoridades estatales esperan superar los mil 122 millones de pesos de derrama econ\u00f3mica registrada durante las vacaciones de Semana Santa, as\u00ed como la cifra de visitantes que super\u00f3 el mill\u00f3n 200 mil.<\/p>\n\n\n\n<p>El ayuntamiento de Veracruz realizar\u00eda eventos previos a las vacaciones de Verano, como el Festival Velas Veracruz 2022, del 23 al 28 de junio, y el Carnaval de Veracruz, del 1 al 5 de julio.<\/p>\n\n\n\n<p>\u201cEstamos en el evento de Velas, despu\u00e9s el Carnaval y seguramente para verano tendremos varias actividades como lo hicimos en Semana Santa\u201d, declar\u00f3 el director de Desarrollo Econ\u00f3mico y Turismo del ayuntamiento de Veracruz, Mario Delf\u00edn V\u00e1zquez.<\/p>\n\n\n\n<p>Cabe mencionar que los hoteleros de la ciudad de Xalapa y la regi\u00f3n capital del estado esperan una ocupaci\u00f3n del 80 por ciento en el periodo vacacional de verano.<\/p>\n","protected":false},"excerpt":{"rendered":"<p>Juan Arcos Veracruz, Ver.- Empresarios de la zona conurbada Veracruz-Boca del R\u00edo prev\u00e9n una ocupaci\u00f3n hotelera del 60 por ciento durante el periodo vacacional de verano, con cifras del 80 por ciento durante los fines de semana. As\u00ed lo dio a conocer Sergio Lois Heredia, presidente del Consejo Metropolitano de Turismo (Cometur), quien a\u00f1adi\u00f3 que [&hellip;]<\/p>\n","protected":false},"author":1,"featured_media":28789,"comment_status":"open","ping_status":"open","sticky":false,"template":"","format":"standard","meta":{"_jetpack_memberships_contains_paid_content":false,"footnotes":""},"categories":[2],"tags":[],"class_list":["post-28788","post","type-post","status-publish","format-standard","has-post-thumbnail","hentry","category-estado"],"jetpack_featured_media_url":"https:\/\/encuentroinformativo.com.mx\/wp-content\/uploads\/2022\/06\/D09BB971-2638-43D0-9ECA-704750EA9C18.jpeg","jetpack_sharing_enabled":true,"jetpack_likes_enabled":true,"amp_enabled":true,"_links":{"self":[{"href":"https:\/\/encuentroinformativo.com.mx\/index.php?rest_route=\/wp\/v2\/posts\/28788","targetHints":{"allow":["GET"]}}],"collection":[{"href":"https:\/\/encuentroinformativo.com.mx\/index.php?rest_route=\/wp\/v2\/posts"}],"about":[{"href":"https:\/\/encuentroinformativo.com.mx\/index.php?rest_route=\/wp\/v2\/types\/post"}],"author":[{"embeddable":true,"href":"https:\/\/encuentroinformativo.com.mx\/index.php?rest_route=\/wp\/v2\/users\/1"}],"replies":[{"embeddable":true,"href":"https:\/\/encuentroinformativo.com.mx\/index.php?rest_route=%2Fwp%2Fv2%2Fcomments&post=28788"}],"version-history":[{"count":1,"href":"https:\/\/encuentroinformativo.com.mx\/index.php?rest_route=\/wp\/v2\/posts\/28788\/revisions"}],"predecessor-version":[{"id":28790,"href":"https:\/\/encuentroinformativo.com.mx\/index.php?rest_route=\/wp\/v2\/posts\/28788\/revisions\/28790"}],"wp:featuredmedia":[{"embeddable":true,"href":"https:\/\/encuentroinformativo.com.mx\/index.php?rest_route=\/wp\/v2\/media\/28789"}],"wp:attachment":[{"href":"https:\/\/encuentroinformativo.com.mx\/index.php?rest_route=%2Fwp%2Fv2%2Fmedia&parent=28788"}],"wp:term":[{"taxonomy":"category","embeddable":true,"href":"https:\/\/encuentroinformativo.com.mx\/index.php?rest_route=%2Fwp%2Fv2%2Fcategories&post=28788"},{"taxonomy":"post_tag","embeddable":true,"href":"https:\/\/encuentroinformativo.com.mx\/index.php?rest_route=%2Fwp%2Fv2%2Ftags&post=28788"}],"curies":[{"name":"wp","href":"https:\/\/api.w.org\/{rel}","templated":true}]}}