{"id":28794,"date":"2022-06-27T10:12:35","date_gmt":"2022-06-27T15:12:35","guid":{"rendered":"https:\/\/encuentroinformativo.com.mx\/?p=28794"},"modified":"2022-06-27T10:12:38","modified_gmt":"2022-06-27T15:12:38","slug":"en-torre-ssp-protestan-ex-policias-de-poza-rica-reclaman-pago-de-indemnizaciones","status":"publish","type":"post","link":"https:\/\/encuentroinformativo.com.mx\/?p=28794","title":{"rendered":"En Torre SSP, protestan ex polic\u00edas de Poza Rica; reclaman pago de indemnizaciones"},"content":{"rendered":"\n<p><strong>Juan Arcos <\/strong><\/p>\n\n\n\n<p>Xalapa, Ver.- Decenas de expolic\u00edas protestaron afuera de la Torre de la Secretar\u00eda de Seguridad P\u00fablica (SSP) para exigir la indemnizaci\u00f3n de m\u00e1s de 400 elementos que fueron despedidos injustificadamente en el sexenio de Javier Duarte de Ochoa.<\/p>\n\n\n\n<p>Un total de 25 elementos fallecieron en espera de su liquidaci\u00f3n y m\u00e1s del 70 por ciento de los que a\u00fan viven padecen enfermedades cr\u00f3nicas degenerativas.<\/p>\n\n\n\n<p>Se trata de expolic\u00edas de la extinta Polic\u00eda Intermunicipal Poza Rica-Tihuatl\u00e1n-Coatzintla, quienes denunciaron que est\u00e1 estancada la denuncia 808\/2019 en la Fiscal\u00eda Especializada en Combate a la Corrupci\u00f3n, por la falsificaci\u00f3n de firmas en m\u00e1s de 400 cheques que se hab\u00edan otorgado como parte de su liquidaci\u00f3n.<\/p>\n\n\n\n<p>Cabe recordar que la corporaci\u00f3n local fue desmantelada para que asumiera el control la Secretar\u00eda de Seguridad P\u00fablica (SSP), tras presuntas anomal\u00edas y nexos de los elementos municipales con la delincuencia.<\/p>\n\n\n\n<p>De acuerdo con Adder \u00d3scar Ju\u00e1rez T\u00e9llez, representante legal y uno de los afectados, le adeudan m\u00e1s de 100 millones de pesos tras el fraude de los cheques.<\/p>\n\n\n\n<p>\u201cEstamos reclamando un laudo que ya deb\u00eda haberse resuelto por un desv\u00edo de recursos, es ya muy conocido este caso en la Fiscal\u00eda Anticorrupci\u00f3n.<\/p>\n\n\n\n<p>Los elementos fueron despedidos el 1 de julio de 2015; sin embargo, 19 d\u00edas despu\u00e9s, los cheques fueron cobrados a su nombre por otras personas.<\/p>\n\n\n\n<p>La denuncia fue presentada el 24 de octubre de 2019 y ratificada el 5 de diciembre, unos d\u00edas despu\u00e9s, donde se\u00f1alan a diversos exfuncionarios, entre ellos al extitular de la Secretar\u00eda de Seguridad P\u00fablica (SSP), Arturo Berm\u00fadez Zurita, y al exgobernador Javier Duarte de Ochoa.<\/p>\n\n\n\n<p>Sin embargo, a\u00fan no hay avances en el proceso legal debido a que la SSP ha negado informaci\u00f3n a la Fiscal\u00eda Anticorrupci\u00f3n para el seguimiento del caso.<\/p>\n\n\n\n<p>Los expolic\u00edas han protestado constantemente en la ciudad de Xalapa para exigir su indemnizaci\u00f3n.<\/p>\n\n\n\n<figure class=\"wp-block-image size-large\"><img loading=\"lazy\" decoding=\"async\" width=\"1024\" height=\"576\" src=\"https:\/\/encuentroinformativo.com.mx\/wp-content\/uploads\/2022\/06\/3A23B20A-2422-4535-B4CF-52B036C13A3C-1024x576.jpeg\" alt=\"\" class=\"wp-image-28796\" srcset=\"https:\/\/encuentroinformativo.com.mx\/wp-content\/uploads\/2022\/06\/3A23B20A-2422-4535-B4CF-52B036C13A3C-1024x576.jpeg 1024w, https:\/\/encuentroinformativo.com.mx\/wp-content\/uploads\/2022\/06\/3A23B20A-2422-4535-B4CF-52B036C13A3C-300x169.jpeg 300w, https:\/\/encuentroinformativo.com.mx\/wp-content\/uploads\/2022\/06\/3A23B20A-2422-4535-B4CF-52B036C13A3C-768x432.jpeg 768w, https:\/\/encuentroinformativo.com.mx\/wp-content\/uploads\/2022\/06\/3A23B20A-2422-4535-B4CF-52B036C13A3C-1536x864.jpeg 1536w, https:\/\/encuentroinformativo.com.mx\/wp-content\/uploads\/2022\/06\/3A23B20A-2422-4535-B4CF-52B036C13A3C.jpeg 1760w\" sizes=\"auto, (max-width: 1024px) 100vw, 1024px\" \/><\/figure>\n","protected":false},"excerpt":{"rendered":"<p>Juan Arcos Xalapa, Ver.- Decenas de expolic\u00edas protestaron afuera de la Torre de la Secretar\u00eda de Seguridad P\u00fablica (SSP) para exigir la indemnizaci\u00f3n de m\u00e1s de 400 elementos que fueron despedidos injustificadamente en el sexenio de Javier Duarte de Ochoa. Un total de 25 elementos fallecieron en espera de su liquidaci\u00f3n y m\u00e1s del 70 [&hellip;]<\/p>\n","protected":false},"author":1,"featured_media":28795,"comment_status":"open","ping_status":"open","sticky":false,"template":"","format":"standard","meta":{"_jetpack_memberships_contains_paid_content":false,"footnotes":""},"categories":[2],"tags":[],"class_list":["post-28794","post","type-post","status-publish","format-standard","has-post-thumbnail","hentry","category-estado"],"jetpack_featured_media_url":"https:\/\/encuentroinformativo.com.mx\/wp-content\/uploads\/2022\/06\/500BB30B-640A-4323-BC74-779687A97FF0.jpeg","jetpack_sharing_enabled":true,"jetpack_likes_enabled":true,"amp_enabled":true,"_links":{"self":[{"href":"https:\/\/encuentroinformativo.com.mx\/index.php?rest_route=\/wp\/v2\/posts\/28794","targetHints":{"allow":["GET"]}}],"collection":[{"href":"https:\/\/encuentroinformativo.com.mx\/index.php?rest_route=\/wp\/v2\/posts"}],"about":[{"href":"https:\/\/encuentroinformativo.com.mx\/index.php?rest_route=\/wp\/v2\/types\/post"}],"author":[{"embeddable":true,"href":"https:\/\/encuentroinformativo.com.mx\/index.php?rest_route=\/wp\/v2\/users\/1"}],"replies":[{"embeddable":true,"href":"https:\/\/encuentroinformativo.com.mx\/index.php?rest_route=%2Fwp%2Fv2%2Fcomments&post=28794"}],"version-history":[{"count":1,"href":"https:\/\/encuentroinformativo.com.mx\/index.php?rest_route=\/wp\/v2\/posts\/28794\/revisions"}],"predecessor-version":[{"id":28797,"href":"https:\/\/encuentroinformativo.com.mx\/index.php?rest_route=\/wp\/v2\/posts\/28794\/revisions\/28797"}],"wp:featuredmedia":[{"embeddable":true,"href":"https:\/\/encuentroinformativo.com.mx\/index.php?rest_route=\/wp\/v2\/media\/28795"}],"wp:attachment":[{"href":"https:\/\/encuentroinformativo.com.mx\/index.php?rest_route=%2Fwp%2Fv2%2Fmedia&parent=28794"}],"wp:term":[{"taxonomy":"category","embeddable":true,"href":"https:\/\/encuentroinformativo.com.mx\/index.php?rest_route=%2Fwp%2Fv2%2Fcategories&post=28794"},{"taxonomy":"post_tag","embeddable":true,"href":"https:\/\/encuentroinformativo.com.mx\/index.php?rest_route=%2Fwp%2Fv2%2Ftags&post=28794"}],"curies":[{"name":"wp","href":"https:\/\/api.w.org\/{rel}","templated":true}]}}