{"id":28808,"date":"2022-06-27T13:13:29","date_gmt":"2022-06-27T18:13:29","guid":{"rendered":"https:\/\/encuentroinformativo.com.mx\/?p=28808"},"modified":"2022-06-27T13:13:33","modified_gmt":"2022-06-27T18:13:33","slug":"exhortan-a-docentes-para-promover-y-apoyar-vacunacion-de-menores","status":"publish","type":"post","link":"https:\/\/encuentroinformativo.com.mx\/?p=28808","title":{"rendered":"Exhortan a docentes para promover y apoyar vacunaci\u00f3n de menores"},"content":{"rendered":"\n<p><strong>Dar\u00edo Pale <\/strong><\/p>\n\n\n\n<p>Xalapa, Ver.- El titular de la Secretar\u00eda de Educaci\u00f3n de Veracruz (SEV), Zenyazen Escobar Garc\u00eda hizo un llamado a los docentes de las diferentes escuelas para que durante estos tres d\u00edas de vacunaci\u00f3n, a los menores de 5 a 11 a\u00f1os de edad, se les permita no acudir a clases sin que haya ning\u00fan problema.<\/p>\n\n\n\n<p>En entrevista en el gimnasio Omega donde acudi\u00f3 con su hija para aplicarle la primera dosis contra el COVID-19 hizo un llamado a los padres y madres de familia para que asuman su responsabilidad y lleven a vacunar a sus hijos, pese a la incertidumbre que esto les pueda generar.<\/p>\n\n\n\n<p>&#8220;Hacemos el llamado a las maestras y los maestros para que lleven a sus alumnos a vacunar. Tenemos que ser responsables como padres&#8230; No va a haber ning\u00fan tipo de problema, mi llamado es a las y los maestros, tiene que haber una apertura total, la prioridad es el esquema de vacunaci\u00f3n, tiene que haber flexibilidad&#8221;, se\u00f1al\u00f3.<\/p>\n\n\n\n<p>Adelant\u00f3 que este mismo d\u00eda enviar\u00eda una circular a los niveles educativos de educaci\u00f3n b\u00e1sica para que haya comprensi\u00f3n y se les permita ausentarse a los ni\u00f1os.<\/p>\n\n\n\n<p>Escobar Garc\u00eda inform\u00f3 que ya son cinco escuelas que registran contagios de Covid-19, pero refiri\u00f3 que son cinco de m\u00e1s de 24 mil planteles, dijo que no se har\u00e1 un llamado a suspender o a adelantar el cierre del ciclo escolar.<\/p>\n\n\n\n<p><strong>Afectaciones Escuelas <\/strong><\/p>\n\n\n\n<p>En otro orden de ideas en cuanto a las afectaciones en las escuelas por las lluvias \u00a0reconoci\u00f3 al presidente municipal Ricardo Ahued ya que ha decidido que las van a cambias de lugar pero primero tendr\u00e1n que ver lo de los terrenos.<\/p>\n\n\n\n<p>Dio a conocer que en muchas escuelas que tienen este problema de que con las lluvias se inundan pese a los trabajos que se hagan no dejan de inundarse por lo que junto con la autoridad municipal analizan este tema ya que es muy dif\u00edcil mover todo un plantel educativo a otro lugar.<\/p>\n\n\n\n<p>Finalmente se\u00f1al\u00f3 que para poder realizar esta son muchos millones de pesos los que se tendr\u00edan que utilizar y este a\u00f1o tienen una reducci\u00f3n del presupuesto ya que en espacios educativos se gastaron ya casi los m\u00e1s de dos mil millones que ten\u00edan en obra p\u00fablica, pero afortunadamente para el pr\u00f3ximo a\u00f1o esperan un presupuesto de 3 mil 400 millones de pesos para Veracruz.<\/p>\n","protected":false},"excerpt":{"rendered":"<p>Dar\u00edo Pale Xalapa, Ver.- El titular de la Secretar\u00eda de Educaci\u00f3n de Veracruz (SEV), Zenyazen Escobar Garc\u00eda hizo un llamado a los docentes de las diferentes escuelas para que durante estos tres d\u00edas de vacunaci\u00f3n, a los menores de 5 a 11 a\u00f1os de edad, se les permita no acudir a clases sin que haya [&hellip;]<\/p>\n","protected":false},"author":1,"featured_media":28809,"comment_status":"open","ping_status":"open","sticky":false,"template":"","format":"standard","meta":{"_jetpack_memberships_contains_paid_content":false,"footnotes":""},"categories":[2],"tags":[],"class_list":["post-28808","post","type-post","status-publish","format-standard","has-post-thumbnail","hentry","category-estado"],"jetpack_featured_media_url":"https:\/\/encuentroinformativo.com.mx\/wp-content\/uploads\/2022\/06\/30D07024-4FD9-4B74-ACBF-D67F9DAED544.jpeg","jetpack_sharing_enabled":true,"jetpack_likes_enabled":true,"amp_enabled":true,"_links":{"self":[{"href":"https:\/\/encuentroinformativo.com.mx\/index.php?rest_route=\/wp\/v2\/posts\/28808","targetHints":{"allow":["GET"]}}],"collection":[{"href":"https:\/\/encuentroinformativo.com.mx\/index.php?rest_route=\/wp\/v2\/posts"}],"about":[{"href":"https:\/\/encuentroinformativo.com.mx\/index.php?rest_route=\/wp\/v2\/types\/post"}],"author":[{"embeddable":true,"href":"https:\/\/encuentroinformativo.com.mx\/index.php?rest_route=\/wp\/v2\/users\/1"}],"replies":[{"embeddable":true,"href":"https:\/\/encuentroinformativo.com.mx\/index.php?rest_route=%2Fwp%2Fv2%2Fcomments&post=28808"}],"version-history":[{"count":1,"href":"https:\/\/encuentroinformativo.com.mx\/index.php?rest_route=\/wp\/v2\/posts\/28808\/revisions"}],"predecessor-version":[{"id":28810,"href":"https:\/\/encuentroinformativo.com.mx\/index.php?rest_route=\/wp\/v2\/posts\/28808\/revisions\/28810"}],"wp:featuredmedia":[{"embeddable":true,"href":"https:\/\/encuentroinformativo.com.mx\/index.php?rest_route=\/wp\/v2\/media\/28809"}],"wp:attachment":[{"href":"https:\/\/encuentroinformativo.com.mx\/index.php?rest_route=%2Fwp%2Fv2%2Fmedia&parent=28808"}],"wp:term":[{"taxonomy":"category","embeddable":true,"href":"https:\/\/encuentroinformativo.com.mx\/index.php?rest_route=%2Fwp%2Fv2%2Fcategories&post=28808"},{"taxonomy":"post_tag","embeddable":true,"href":"https:\/\/encuentroinformativo.com.mx\/index.php?rest_route=%2Fwp%2Fv2%2Ftags&post=28808"}],"curies":[{"name":"wp","href":"https:\/\/api.w.org\/{rel}","templated":true}]}}