{"id":28818,"date":"2022-06-27T14:53:52","date_gmt":"2022-06-27T19:53:52","guid":{"rendered":"https:\/\/encuentroinformativo.com.mx\/?p=28818"},"modified":"2022-06-27T14:53:56","modified_gmt":"2022-06-27T19:53:56","slug":"roban-por-sexta-ocasion-kinder-en-veracruz-puerto","status":"publish","type":"post","link":"https:\/\/encuentroinformativo.com.mx\/?p=28818","title":{"rendered":"Roban por sexta ocasi\u00f3n kinder en Veracruz puerto"},"content":{"rendered":"\n<p><strong>Alejandro \u00c1vila<\/strong><\/p>\n\n\n\n<p>Veracruz, Ver.- El Jard\u00edn de Ni\u00f1os &#8220;Eva Fortier&#8221; fue robado por sexta ocasi\u00f3n, denunci\u00f3 la directora, Adela Morales Montero.<\/p>\n\n\n\n<p>El cableado el\u00e9ctrico, los centros de carga, luminarias, la tuber\u00eda de agua, aires acondicionados, escaleras y otras herramientas para el mantenimiento del plantel escolar, ha sido el bot\u00edn que sean llevado los ladrones.<\/p>\n\n\n\n<p>&#8220;Ya se hab\u00eda reinstalado la red de energ\u00eda y otra vez, ahorita en el mes de junio nos volvieron a robar (\u2026) apenas est\u00e1bamos celebrando la reinstalaci\u00f3n de la red a finales de mayo, principios de junio cuando ya est\u00e1bamos con la luz en todos los edificios, y pues otra vez&#8221;, subray\u00f3 la docente.<\/p>\n\n\n\n<p>Los seis hurtos han tenido registro, de mayo del 2021, hasta este \u00faltimo, en junio del 2022; d\u00f3nde volvieron a robar el cableado el\u00e9ctrico externo.<\/p>\n\n\n\n<p>De momento, la directora del plantel educativo aclar\u00f3 qu\u00e9, no habr\u00e1 suspensi\u00f3n de clases, aunque de aumentar los calores, podr\u00edan enviar a los peque\u00f1os a sus casas para tener clases en l\u00ednea, pues deben salvaguardar la salud de los peque\u00f1os.<\/p>\n\n\n\n<p>Tanto docentes del Jard\u00edn de Ni\u00f1os como los padres de familia, han hecho la denuncia correspondiente ante la Fiscal\u00eda Regional, adem\u00e1s de solicitar a la Secretar\u00eda de Educaci\u00f3n de Veracruz el apoyo para restablecer el cableado el\u00e9ctrico, incluso, pidieron aumentar la barda perimetral, a fin de evitar que los robos se vuelvan a suscitar.<\/p>\n\n\n\n<p>&#8220;Principalmente eso se les est\u00e1 pidiendo a las autoridades, que nos ayuden a levantar la barda, a ponerle algo de protecci\u00f3n en la parte de arriba, los portones, y el Domo. El Domo ya tambi\u00e9n est\u00e1 en malas condiciones, estamos solicitando tambi\u00e9n apoyo, porque para nosotros es un anexo muy importante para la cuesti\u00f3n del clima de la comunidad, hace mucho calor, y para los ni\u00f1os aqu\u00ed en el patio es mejor para ellos&#8221;, remat\u00f3.<\/p>\n","protected":false},"excerpt":{"rendered":"<p>Alejandro \u00c1vila Veracruz, Ver.- El Jard\u00edn de Ni\u00f1os &#8220;Eva Fortier&#8221; fue robado por sexta ocasi\u00f3n, denunci\u00f3 la directora, Adela Morales Montero. El cableado el\u00e9ctrico, los centros de carga, luminarias, la tuber\u00eda de agua, aires acondicionados, escaleras y otras herramientas para el mantenimiento del plantel escolar, ha sido el bot\u00edn que sean llevado los ladrones. &#8220;Ya [&hellip;]<\/p>\n","protected":false},"author":1,"featured_media":28819,"comment_status":"open","ping_status":"open","sticky":false,"template":"","format":"standard","meta":{"_jetpack_memberships_contains_paid_content":false,"footnotes":""},"categories":[2],"tags":[],"class_list":["post-28818","post","type-post","status-publish","format-standard","has-post-thumbnail","hentry","category-estado"],"jetpack_featured_media_url":"https:\/\/encuentroinformativo.com.mx\/wp-content\/uploads\/2022\/06\/39B66FF0-F64C-47BD-B480-743EC2213BE2.jpeg","jetpack_sharing_enabled":true,"jetpack_likes_enabled":true,"amp_enabled":true,"_links":{"self":[{"href":"https:\/\/encuentroinformativo.com.mx\/index.php?rest_route=\/wp\/v2\/posts\/28818","targetHints":{"allow":["GET"]}}],"collection":[{"href":"https:\/\/encuentroinformativo.com.mx\/index.php?rest_route=\/wp\/v2\/posts"}],"about":[{"href":"https:\/\/encuentroinformativo.com.mx\/index.php?rest_route=\/wp\/v2\/types\/post"}],"author":[{"embeddable":true,"href":"https:\/\/encuentroinformativo.com.mx\/index.php?rest_route=\/wp\/v2\/users\/1"}],"replies":[{"embeddable":true,"href":"https:\/\/encuentroinformativo.com.mx\/index.php?rest_route=%2Fwp%2Fv2%2Fcomments&post=28818"}],"version-history":[{"count":1,"href":"https:\/\/encuentroinformativo.com.mx\/index.php?rest_route=\/wp\/v2\/posts\/28818\/revisions"}],"predecessor-version":[{"id":28820,"href":"https:\/\/encuentroinformativo.com.mx\/index.php?rest_route=\/wp\/v2\/posts\/28818\/revisions\/28820"}],"wp:featuredmedia":[{"embeddable":true,"href":"https:\/\/encuentroinformativo.com.mx\/index.php?rest_route=\/wp\/v2\/media\/28819"}],"wp:attachment":[{"href":"https:\/\/encuentroinformativo.com.mx\/index.php?rest_route=%2Fwp%2Fv2%2Fmedia&parent=28818"}],"wp:term":[{"taxonomy":"category","embeddable":true,"href":"https:\/\/encuentroinformativo.com.mx\/index.php?rest_route=%2Fwp%2Fv2%2Fcategories&post=28818"},{"taxonomy":"post_tag","embeddable":true,"href":"https:\/\/encuentroinformativo.com.mx\/index.php?rest_route=%2Fwp%2Fv2%2Ftags&post=28818"}],"curies":[{"name":"wp","href":"https:\/\/api.w.org\/{rel}","templated":true}]}}