{"id":28821,"date":"2022-06-27T15:01:25","date_gmt":"2022-06-27T20:01:25","guid":{"rendered":"https:\/\/encuentroinformativo.com.mx\/?p=28821"},"modified":"2022-06-27T15:01:28","modified_gmt":"2022-06-27T20:01:28","slug":"pendientes-250-mil-vehiculos-del-cambio-de-placas","status":"publish","type":"post","link":"https:\/\/encuentroinformativo.com.mx\/?p=28821","title":{"rendered":"Pendientes 250 mil veh\u00edculos del cambio de placas"},"content":{"rendered":"\n<p><strong>Dar\u00edo Pale <\/strong><\/p>\n\n\n\n<p>Xalapa, Ver.- Diego Mel\u00e9ndez director general de recaudaci\u00f3n en la SEFIPLAN, dio a conocer que cuentan con el departamento de veh\u00edculos extranjeros donde est\u00e1n desarrollando un control administrativo para acelerar el proceso de validaci\u00f3n de los veh\u00edculos de procedencia extranjera.<\/p>\n\n\n\n<p>En entrevista dio a conocer que van muy bien en el canje de placas ya que hay dos sectores el primero que son los veh\u00edculos que est\u00e1n al corriente con el pago y sus placas y los que est\u00e1n atrasados en sus pagos y traen las placas de arcoiris.<\/p>\n\n\n\n<p>Pese a los beneficios que se est\u00e1n otorgando est\u00e1n batallando mucho ya que la campa\u00f1a concluye el 30 de junio y donde se ahorran hasta un 200 por ciento al pago de su deuda.<\/p>\n\n\n\n<p>Hay aproximadamente 250 mil veh\u00edculos que no se ha puesto al corriente ya que presume que no les ha llegado la informaci\u00f3n de forma correcta a pesar de que el estado est\u00e1 haciendo un esfuerzo para colocar m\u00f3dulos en varios municipios hasta el momento tienen 68 oficinas.<\/p>\n\n\n\n<p>En cuanto a los autom\u00f3viles de procedencia extranjera que han extraviado su documentaci\u00f3n coment\u00f3 que cuentan con el departamento de veh\u00edculos extranjeros donde desarrollaron un control administrativo entre la direcci\u00f3n general de recaudaci\u00f3n y la procuradur\u00eda fiscal para poder acelerar el proceso de validaci\u00f3n de dichas unidades de procedencia extranjera.<\/p>\n\n\n\n<p>Por lo anterior exhort\u00f3 a las personas que tengan esas unidades para que se acerquen a las oficinas de Hacienda del estado para que realice su canje vehicular y responden en un lapso no mayor a 48 horas.<\/p>\n\n\n\n<p>En cuanto a las unidades que vienen de otras entidades federativas en donde no se realiza la verificaci\u00f3n vehicular coment\u00f3 que el programa de reordenamiento vehicular s\u00f3lo exige el pago de los derechos de control vehicular 2022 y la compra de la placa exentandolo de todas las otras tenencia que tuviera atrasadas.<\/p>\n\n\n\n<p>Finalmente dio a concomer que no se pagan m\u00e1s de 2 mil 200 pesos eso incluye el cambio de propietario lo cual est\u00e1 subsidiado en un cien por ciento, siempre y cuando tenga todos los papeles en orden y debe de llevar la unidad para colocarle el chip nuevo.<\/p>\n","protected":false},"excerpt":{"rendered":"<p>Dar\u00edo Pale Xalapa, Ver.- Diego Mel\u00e9ndez director general de recaudaci\u00f3n en la SEFIPLAN, dio a conocer que cuentan con el departamento de veh\u00edculos extranjeros donde est\u00e1n desarrollando un control administrativo para acelerar el proceso de validaci\u00f3n de los veh\u00edculos de procedencia extranjera. En entrevista dio a conocer que van muy bien en el canje de [&hellip;]<\/p>\n","protected":false},"author":1,"featured_media":28822,"comment_status":"open","ping_status":"open","sticky":false,"template":"","format":"standard","meta":{"_jetpack_memberships_contains_paid_content":false,"footnotes":""},"categories":[2],"tags":[],"class_list":["post-28821","post","type-post","status-publish","format-standard","has-post-thumbnail","hentry","category-estado"],"jetpack_featured_media_url":"https:\/\/encuentroinformativo.com.mx\/wp-content\/uploads\/2022\/06\/2B9672D2-1238-4446-9CBF-4E79A3073552.jpeg","jetpack_sharing_enabled":true,"jetpack_likes_enabled":true,"amp_enabled":true,"_links":{"self":[{"href":"https:\/\/encuentroinformativo.com.mx\/index.php?rest_route=\/wp\/v2\/posts\/28821","targetHints":{"allow":["GET"]}}],"collection":[{"href":"https:\/\/encuentroinformativo.com.mx\/index.php?rest_route=\/wp\/v2\/posts"}],"about":[{"href":"https:\/\/encuentroinformativo.com.mx\/index.php?rest_route=\/wp\/v2\/types\/post"}],"author":[{"embeddable":true,"href":"https:\/\/encuentroinformativo.com.mx\/index.php?rest_route=\/wp\/v2\/users\/1"}],"replies":[{"embeddable":true,"href":"https:\/\/encuentroinformativo.com.mx\/index.php?rest_route=%2Fwp%2Fv2%2Fcomments&post=28821"}],"version-history":[{"count":1,"href":"https:\/\/encuentroinformativo.com.mx\/index.php?rest_route=\/wp\/v2\/posts\/28821\/revisions"}],"predecessor-version":[{"id":28823,"href":"https:\/\/encuentroinformativo.com.mx\/index.php?rest_route=\/wp\/v2\/posts\/28821\/revisions\/28823"}],"wp:featuredmedia":[{"embeddable":true,"href":"https:\/\/encuentroinformativo.com.mx\/index.php?rest_route=\/wp\/v2\/media\/28822"}],"wp:attachment":[{"href":"https:\/\/encuentroinformativo.com.mx\/index.php?rest_route=%2Fwp%2Fv2%2Fmedia&parent=28821"}],"wp:term":[{"taxonomy":"category","embeddable":true,"href":"https:\/\/encuentroinformativo.com.mx\/index.php?rest_route=%2Fwp%2Fv2%2Fcategories&post=28821"},{"taxonomy":"post_tag","embeddable":true,"href":"https:\/\/encuentroinformativo.com.mx\/index.php?rest_route=%2Fwp%2Fv2%2Ftags&post=28821"}],"curies":[{"name":"wp","href":"https:\/\/api.w.org\/{rel}","templated":true}]}}