{"id":28827,"date":"2022-06-27T16:40:57","date_gmt":"2022-06-27T21:40:57","guid":{"rendered":"https:\/\/encuentroinformativo.com.mx\/?p=28827"},"modified":"2022-06-27T16:41:38","modified_gmt":"2022-06-27T21:41:38","slug":"coronan-a-reyes-infantiles-de-caic-veracruz","status":"publish","type":"post","link":"https:\/\/encuentroinformativo.com.mx\/?p=28827","title":{"rendered":"Coronan a Reyes Infantiles de CAIC Veracruz"},"content":{"rendered":"\n<p><strong>Alejandro \u00c1vila<\/strong><\/p>\n\n\n\n<p>Veracruz, Ver.- Este lunes 27 de junio fueron coronados en el teatro &#8220;Francisco Javier Clavijero&#8221;, los Reyes Infantiles de los Centros de Asistencia Infantil Comunitario (CAIC) del municipio de Veracruz.<\/p>\n\n\n\n<p>Los peque\u00f1os elegidos como soberanos de las fiestas del Carnaval 2022 fueron, Elena Jacome Lagunes y Evand Andr\u00e9s Mart\u00ednez Flores.<\/p>\n\n\n\n<p>Estos peque\u00f1os son qui\u00e9nes encabezar\u00e1n el desfile infantil del pr\u00f3ximo jueves 30 de junio sobre el avenida Independencia, previo a la Quema del Mal Humor; d\u00f3nde adem\u00e1s participar\u00e1n diversos Jardines de Ni\u00f1os del municipio de Veracruz.<\/p>\n\n\n\n<p>Tanto Elena Jacome como Evans Andr\u00e9s Mart\u00ednez, participar\u00e1n en todos los del desfile del Carnaval luciendo su corona en el carro aleg\u00f3rico del DIF Municipal; d\u00f3nde los acompa\u00f1ar\u00e1n otros peque\u00f1os de los 15 CAIC que tiene la ciudad de Veracruz.<\/p>\n\n\n\n<p>La coronaci\u00f3n estuvo a cargo de la directora del DIF Municipal de Veracruz, X\u00f3chitl Arzaba Hern\u00e1ndez; adem\u00e1s de la subdirectora de Asistencia Social, Janet Yepez Lara, en representaci\u00f3n de la alcaldesa Patricia Lobeira Rodr\u00edguez, y el presidente del Comit\u00e9 de Carnaval, Luis Antonio P\u00e9rez Fraga.<br><\/p>\n\n\n\n<figure class=\"wp-block-image size-large\"><img loading=\"lazy\" decoding=\"async\" width=\"1024\" height=\"768\" src=\"https:\/\/encuentroinformativo.com.mx\/wp-content\/uploads\/2022\/06\/554DEE62-8CF8-400A-B309-C21CD36B73CF-1024x768.jpeg\" alt=\"\" class=\"wp-image-28829\" srcset=\"https:\/\/encuentroinformativo.com.mx\/wp-content\/uploads\/2022\/06\/554DEE62-8CF8-400A-B309-C21CD36B73CF-1024x768.jpeg 1024w, https:\/\/encuentroinformativo.com.mx\/wp-content\/uploads\/2022\/06\/554DEE62-8CF8-400A-B309-C21CD36B73CF-300x225.jpeg 300w, https:\/\/encuentroinformativo.com.mx\/wp-content\/uploads\/2022\/06\/554DEE62-8CF8-400A-B309-C21CD36B73CF-768x576.jpeg 768w, https:\/\/encuentroinformativo.com.mx\/wp-content\/uploads\/2022\/06\/554DEE62-8CF8-400A-B309-C21CD36B73CF-1536x1152.jpeg 1536w, https:\/\/encuentroinformativo.com.mx\/wp-content\/uploads\/2022\/06\/554DEE62-8CF8-400A-B309-C21CD36B73CF.jpeg 1600w\" sizes=\"auto, (max-width: 1024px) 100vw, 1024px\" \/><\/figure>\n\n\n\n<figure class=\"wp-block-image size-large\"><img loading=\"lazy\" decoding=\"async\" width=\"768\" height=\"1024\" src=\"https:\/\/encuentroinformativo.com.mx\/wp-content\/uploads\/2022\/06\/C8FA60FC-0B18-4ECF-8C1D-437D502A3112-768x1024.jpeg\" alt=\"\" class=\"wp-image-28828\" srcset=\"https:\/\/encuentroinformativo.com.mx\/wp-content\/uploads\/2022\/06\/C8FA60FC-0B18-4ECF-8C1D-437D502A3112-768x1024.jpeg 768w, https:\/\/encuentroinformativo.com.mx\/wp-content\/uploads\/2022\/06\/C8FA60FC-0B18-4ECF-8C1D-437D502A3112-225x300.jpeg 225w, https:\/\/encuentroinformativo.com.mx\/wp-content\/uploads\/2022\/06\/C8FA60FC-0B18-4ECF-8C1D-437D502A3112-1152x1536.jpeg 1152w, https:\/\/encuentroinformativo.com.mx\/wp-content\/uploads\/2022\/06\/C8FA60FC-0B18-4ECF-8C1D-437D502A3112.jpeg 1200w\" sizes=\"auto, (max-width: 768px) 100vw, 768px\" \/><\/figure>\n","protected":false},"excerpt":{"rendered":"<p>Alejandro \u00c1vila Veracruz, Ver.- Este lunes 27 de junio fueron coronados en el teatro &#8220;Francisco Javier Clavijero&#8221;, los Reyes Infantiles de los Centros de Asistencia Infantil Comunitario (CAIC) del municipio de Veracruz. Los peque\u00f1os elegidos como soberanos de las fiestas del Carnaval 2022 fueron, Elena Jacome Lagunes y Evand Andr\u00e9s Mart\u00ednez Flores. Estos peque\u00f1os son [&hellip;]<\/p>\n","protected":false},"author":1,"featured_media":28828,"comment_status":"open","ping_status":"open","sticky":false,"template":"","format":"standard","meta":{"_jetpack_memberships_contains_paid_content":false,"footnotes":""},"categories":[2],"tags":[],"class_list":["post-28827","post","type-post","status-publish","format-standard","has-post-thumbnail","hentry","category-estado"],"jetpack_featured_media_url":"https:\/\/encuentroinformativo.com.mx\/wp-content\/uploads\/2022\/06\/C8FA60FC-0B18-4ECF-8C1D-437D502A3112.jpeg","jetpack_sharing_enabled":true,"jetpack_likes_enabled":true,"amp_enabled":true,"_links":{"self":[{"href":"https:\/\/encuentroinformativo.com.mx\/index.php?rest_route=\/wp\/v2\/posts\/28827","targetHints":{"allow":["GET"]}}],"collection":[{"href":"https:\/\/encuentroinformativo.com.mx\/index.php?rest_route=\/wp\/v2\/posts"}],"about":[{"href":"https:\/\/encuentroinformativo.com.mx\/index.php?rest_route=\/wp\/v2\/types\/post"}],"author":[{"embeddable":true,"href":"https:\/\/encuentroinformativo.com.mx\/index.php?rest_route=\/wp\/v2\/users\/1"}],"replies":[{"embeddable":true,"href":"https:\/\/encuentroinformativo.com.mx\/index.php?rest_route=%2Fwp%2Fv2%2Fcomments&post=28827"}],"version-history":[{"count":2,"href":"https:\/\/encuentroinformativo.com.mx\/index.php?rest_route=\/wp\/v2\/posts\/28827\/revisions"}],"predecessor-version":[{"id":28831,"href":"https:\/\/encuentroinformativo.com.mx\/index.php?rest_route=\/wp\/v2\/posts\/28827\/revisions\/28831"}],"wp:featuredmedia":[{"embeddable":true,"href":"https:\/\/encuentroinformativo.com.mx\/index.php?rest_route=\/wp\/v2\/media\/28828"}],"wp:attachment":[{"href":"https:\/\/encuentroinformativo.com.mx\/index.php?rest_route=%2Fwp%2Fv2%2Fmedia&parent=28827"}],"wp:term":[{"taxonomy":"category","embeddable":true,"href":"https:\/\/encuentroinformativo.com.mx\/index.php?rest_route=%2Fwp%2Fv2%2Fcategories&post=28827"},{"taxonomy":"post_tag","embeddable":true,"href":"https:\/\/encuentroinformativo.com.mx\/index.php?rest_route=%2Fwp%2Fv2%2Ftags&post=28827"}],"curies":[{"name":"wp","href":"https:\/\/api.w.org\/{rel}","templated":true}]}}