{"id":28832,"date":"2022-06-27T16:44:33","date_gmt":"2022-06-27T21:44:33","guid":{"rendered":"https:\/\/encuentroinformativo.com.mx\/?p=28832"},"modified":"2022-06-27T16:44:38","modified_gmt":"2022-06-27T21:44:38","slug":"pc-estatal-supervisara-gradas-de-carnaval","status":"publish","type":"post","link":"https:\/\/encuentroinformativo.com.mx\/?p=28832","title":{"rendered":"PC Estatal supervisar\u00e1 gradas de Carnaval"},"content":{"rendered":"\n<p><strong>Alejandro \u00c1vila<\/strong><\/p>\n\n\n\n<p>Veracruz, Ver.- Ser\u00e1 este jueves 30 de junio a las 11 de la ma\u00f1ana, cuando el personal de Protecci\u00f3n Civil Estatal en compa\u00f1\u00eda de Protecci\u00f3n Civil Municipal den la \u00faltima revisi\u00f3n a las gradas del Carnaval de Veracruz 2022.<\/p>\n\n\n\n<p>El presidente del Comit\u00e9 de Carnaval, Luis Antonio P\u00e9rez Fraga dijo que, la empresa arrendadora de las gradas, tiene como fecha l\u00edmite el mi\u00e9rcoles 29 de junio a las 12 de la noche, la entrega total de las gradas instaladas.<\/p>\n\n\n\n<p>&#8220;Vamos a llevar a cabo, junto con nuestra alcaldesa Paty Lobeira de Yunes, la supervisi\u00f3n de las gradas de Carnaval el jueves, el jueves es la supervisi\u00f3n de las gradas, el mi\u00e9rcoles por la noche ya nos entrega la empresa AMSA todas las gradas, que c\u00f3mo ven ya estamos a m\u00e1s de un 90 por ciento, solo se est\u00e1n armando las gradas de 3 l\u00edneas del lado camell\u00f3n y concluimos, ellos nos entregan y el jueves, junto con Protecci\u00f3n Civil del Estado, Protecci\u00f3n Civil Municipal, nuestra alcaldesa de Veracruz, hacemos el recorrido tradicional, para verificar que no haya una rebaba de fierro o algo que represente que esten endebles, o que representa alg\u00fan peligro&#8221;, apunt\u00f3.<\/p>\n\n\n\n<p>El recorrido se\u00f1al\u00f3 iniciar\u00e1 en el bulevar &#8220;Manuel \u00c1vila Camacho&#8221; a la altura de la avenida Costa Verde, y terminara en el antiguo Club de Yates.<\/p>\n\n\n\n<p>Finalmente, Luis Antonio P\u00e9rez Fraga se\u00f1al\u00f3 que, todos los desfiles que se realicen por la tarde, dar\u00e1n inicio a las 18:30 horas; mientras que los recorridos del domingo y martes por la ma\u00f1ana dar\u00e1n inicio a las 10:00 horas.<\/p>\n","protected":false},"excerpt":{"rendered":"<p>Alejandro \u00c1vila Veracruz, Ver.- Ser\u00e1 este jueves 30 de junio a las 11 de la ma\u00f1ana, cuando el personal de Protecci\u00f3n Civil Estatal en compa\u00f1\u00eda de Protecci\u00f3n Civil Municipal den la \u00faltima revisi\u00f3n a las gradas del Carnaval de Veracruz 2022. El presidente del Comit\u00e9 de Carnaval, Luis Antonio P\u00e9rez Fraga dijo que, la empresa [&hellip;]<\/p>\n","protected":false},"author":1,"featured_media":28833,"comment_status":"open","ping_status":"open","sticky":false,"template":"","format":"standard","meta":{"_jetpack_memberships_contains_paid_content":false,"footnotes":""},"categories":[2],"tags":[],"class_list":["post-28832","post","type-post","status-publish","format-standard","has-post-thumbnail","hentry","category-estado"],"jetpack_featured_media_url":"https:\/\/encuentroinformativo.com.mx\/wp-content\/uploads\/2022\/06\/71966ECC-3AD1-42C2-ADE0-D6EDA4AA4E98.jpeg","jetpack_sharing_enabled":true,"jetpack_likes_enabled":true,"amp_enabled":true,"_links":{"self":[{"href":"https:\/\/encuentroinformativo.com.mx\/index.php?rest_route=\/wp\/v2\/posts\/28832","targetHints":{"allow":["GET"]}}],"collection":[{"href":"https:\/\/encuentroinformativo.com.mx\/index.php?rest_route=\/wp\/v2\/posts"}],"about":[{"href":"https:\/\/encuentroinformativo.com.mx\/index.php?rest_route=\/wp\/v2\/types\/post"}],"author":[{"embeddable":true,"href":"https:\/\/encuentroinformativo.com.mx\/index.php?rest_route=\/wp\/v2\/users\/1"}],"replies":[{"embeddable":true,"href":"https:\/\/encuentroinformativo.com.mx\/index.php?rest_route=%2Fwp%2Fv2%2Fcomments&post=28832"}],"version-history":[{"count":1,"href":"https:\/\/encuentroinformativo.com.mx\/index.php?rest_route=\/wp\/v2\/posts\/28832\/revisions"}],"predecessor-version":[{"id":28834,"href":"https:\/\/encuentroinformativo.com.mx\/index.php?rest_route=\/wp\/v2\/posts\/28832\/revisions\/28834"}],"wp:featuredmedia":[{"embeddable":true,"href":"https:\/\/encuentroinformativo.com.mx\/index.php?rest_route=\/wp\/v2\/media\/28833"}],"wp:attachment":[{"href":"https:\/\/encuentroinformativo.com.mx\/index.php?rest_route=%2Fwp%2Fv2%2Fmedia&parent=28832"}],"wp:term":[{"taxonomy":"category","embeddable":true,"href":"https:\/\/encuentroinformativo.com.mx\/index.php?rest_route=%2Fwp%2Fv2%2Fcategories&post=28832"},{"taxonomy":"post_tag","embeddable":true,"href":"https:\/\/encuentroinformativo.com.mx\/index.php?rest_route=%2Fwp%2Fv2%2Ftags&post=28832"}],"curies":[{"name":"wp","href":"https:\/\/api.w.org\/{rel}","templated":true}]}}