{"id":28836,"date":"2022-06-27T16:48:58","date_gmt":"2022-06-27T21:48:58","guid":{"rendered":"https:\/\/encuentroinformativo.com.mx\/?p=28836"},"modified":"2022-06-27T16:49:02","modified_gmt":"2022-06-27T21:49:02","slug":"mas-de-2-mil-500-estudiantes-boquenos-seran-beneficiados-con-desayunos-nutritivos-alcalde-jm-unanue","status":"publish","type":"post","link":"https:\/\/encuentroinformativo.com.mx\/?p=28836","title":{"rendered":"M\u00e1s de 2 mil 500 estudiantes boque\u00f1os ser\u00e1n beneficiados con desayunos nutritivos: Alcalde JM Un\u00e1nue"},"content":{"rendered":"\n<p><strong>*<em>Ser\u00e1n 30 preescolares y primarias de Boca del R\u00edo las que cuenten con estos desayunos este a\u00f1o<\/em>.<\/strong><\/p>\n\n\n\n<p>Boca del R\u00edo, Ver.- Fortalecer el desarrollo comunitario de la poblaci\u00f3n, es una de las metas y acciones encaminadas de la actual administraci\u00f3n municipal de Boca del R\u00edo, que encabeza Juan Manuel Un\u00e1nue Abascal.<\/p>\n\n\n\n<p>Por ello y gracias a las gestiones que se realizaron durante los \u00faltimos meses por parte del DIF Municipal, se logr\u00f3 traer al municipio el Programa Federal \u201cDesayunos Escolares Fr\u00edos\u201d.<\/p>\n\n\n\n<p>\u201cHoy iniciamos con esta entrega, en primer lugar, agradeciendo al DIF Estatal, al DIF Nacional, por este programa, pero no lo hubi\u00e9ramos podido traer a esta escuela y a otras 29 m\u00e1s en Boca del R\u00edo, sin la gesti\u00f3n de mi esposa Meli y de mi directora del DIF, Yamileth Herrera Diaz\u201d, exalt\u00f3 el Presidente Municipal.<\/p>\n\n\n\n<p>El objetivo, es favorecer el acceso y promover el consumo de alimentos nutritivos entorno a un grupo de poblaci\u00f3n en condiciones de vulnerabilidad, dise\u00f1ados con base a criterios de calidad nutricia.<\/p>\n\n\n\n<p>\u201cEste es un esfuerzo que hace la Federaci\u00f3n y hace el Gobierno del Estado, se estuvieron gestionando estos seis meses para dar inicio a este programa, y de esta manera, ayudar de manera directa a las ni\u00f1as y ni\u00f1os de escuelas p\u00fablicas de preescolar y de escuelas p\u00fablicas primarias\u201d, dijo Un\u00e1nue Abascal.<\/p>\n\n\n\n<p>Con estos desayunos escolares en su modalidad de fr\u00edos, tiene la finalidad de satisfacer la necesidad b\u00e1sica de alimentaci\u00f3n, debidamente balanceados con el fin de cubrir como m\u00ednimo el 25% de los requerimientos nutricionales que debe consumir una ni\u00f1a o ni\u00f1o durante el d\u00eda.<\/p>\n\n\n\n<p>Con dicha acci\u00f3n social, \u201cvamos a llegar a 30 planteles educativos de la ciudad de Boca del R\u00edo, donde tendremos m\u00e1s de 2 mil 500 ni\u00f1os beneficiados todo el a\u00f1o\u201d, enfatiz\u00f3 la primera autoridad municipal.<\/p>\n\n\n\n<p>Por su parte, la Presidenta del DIF Municipal, Melina Rivera de Un\u00e1nue, resalt\u00f3 la necesidad e importancia de que los menores de edad tengan una alimentaci\u00f3n sana y balanceada, \u201cpues de lo contrario se puede afectar su desarrollo mental\u201d.<br>\u201cEs por eso, que el gobierno que encabeza el Alcalde Juan Manuel Un\u00e1nue, sabe la importancia de alimentar y nutrir de manera adecuada a nuestras ni\u00f1as y ni\u00f1os boque\u00f1os, es una prioridad y hoy por eso arrancamos esta gran campa\u00f1a\u201d.<\/p>\n\n\n\n<p>Y dijo, \u201cestamos seguros que un ni\u00f1o que se alimenta correctamente tendr\u00e1 un mejor rendimiento acad\u00e9mico y ser\u00e1 un ni\u00f1o m\u00e1s sano, m\u00e1s feliz y m\u00e1s fuerte\u201d.<\/p>\n\n\n\n<p>Por su parte, la profesora Eva Mar\u00eda de Le\u00f3n Pav\u00f3n; directora de la Escuela Primaria Enrique Laubscher, agradeci\u00f3 a las autoridades municipales, por ser sus alumnos, los primeros favorecidos con los desayunos fr\u00edos.<\/p>\n\n\n\n<p>\u201cAgradecemos infinitamente el apoyo recibido a trav\u00e9s de este programa de desayunos fr\u00edos, mismo que servir\u00e1 para una mejor nutrici\u00f3n de nuestros alumnos, lo cual se ver\u00e1 reflejado en un mejor aprovechamiento escolar\u201d.<\/p>\n","protected":false},"excerpt":{"rendered":"<p>*Ser\u00e1n 30 preescolares y primarias de Boca del R\u00edo las que cuenten con estos desayunos este a\u00f1o. Boca del R\u00edo, Ver.- Fortalecer el desarrollo comunitario de la poblaci\u00f3n, es una de las metas y acciones encaminadas de la actual administraci\u00f3n municipal de Boca del R\u00edo, que encabeza Juan Manuel Un\u00e1nue Abascal. Por ello y gracias [&hellip;]<\/p>\n","protected":false},"author":1,"featured_media":28837,"comment_status":"open","ping_status":"open","sticky":false,"template":"","format":"standard","meta":{"_jetpack_memberships_contains_paid_content":false,"footnotes":""},"categories":[2],"tags":[],"class_list":["post-28836","post","type-post","status-publish","format-standard","has-post-thumbnail","hentry","category-estado"],"jetpack_featured_media_url":"https:\/\/encuentroinformativo.com.mx\/wp-content\/uploads\/2022\/06\/A7A39DF5-C4E5-4CAB-AF4B-4D3D0507BD66.jpeg","jetpack_sharing_enabled":true,"jetpack_likes_enabled":true,"amp_enabled":true,"_links":{"self":[{"href":"https:\/\/encuentroinformativo.com.mx\/index.php?rest_route=\/wp\/v2\/posts\/28836","targetHints":{"allow":["GET"]}}],"collection":[{"href":"https:\/\/encuentroinformativo.com.mx\/index.php?rest_route=\/wp\/v2\/posts"}],"about":[{"href":"https:\/\/encuentroinformativo.com.mx\/index.php?rest_route=\/wp\/v2\/types\/post"}],"author":[{"embeddable":true,"href":"https:\/\/encuentroinformativo.com.mx\/index.php?rest_route=\/wp\/v2\/users\/1"}],"replies":[{"embeddable":true,"href":"https:\/\/encuentroinformativo.com.mx\/index.php?rest_route=%2Fwp%2Fv2%2Fcomments&post=28836"}],"version-history":[{"count":1,"href":"https:\/\/encuentroinformativo.com.mx\/index.php?rest_route=\/wp\/v2\/posts\/28836\/revisions"}],"predecessor-version":[{"id":28838,"href":"https:\/\/encuentroinformativo.com.mx\/index.php?rest_route=\/wp\/v2\/posts\/28836\/revisions\/28838"}],"wp:featuredmedia":[{"embeddable":true,"href":"https:\/\/encuentroinformativo.com.mx\/index.php?rest_route=\/wp\/v2\/media\/28837"}],"wp:attachment":[{"href":"https:\/\/encuentroinformativo.com.mx\/index.php?rest_route=%2Fwp%2Fv2%2Fmedia&parent=28836"}],"wp:term":[{"taxonomy":"category","embeddable":true,"href":"https:\/\/encuentroinformativo.com.mx\/index.php?rest_route=%2Fwp%2Fv2%2Fcategories&post=28836"},{"taxonomy":"post_tag","embeddable":true,"href":"https:\/\/encuentroinformativo.com.mx\/index.php?rest_route=%2Fwp%2Fv2%2Ftags&post=28836"}],"curies":[{"name":"wp","href":"https:\/\/api.w.org\/{rel}","templated":true}]}}