{"id":28839,"date":"2022-06-28T09:25:09","date_gmt":"2022-06-28T14:25:09","guid":{"rendered":"https:\/\/encuentroinformativo.com.mx\/?p=28839"},"modified":"2022-06-28T09:25:13","modified_gmt":"2022-06-28T14:25:13","slug":"el-destape-de-huerta-y-el-afectado-de-coatepec","status":"publish","type":"post","link":"https:\/\/encuentroinformativo.com.mx\/?p=28839","title":{"rendered":"EL DESTAPE DE HUERTA Y EL AFECTADO DE COATEPEC"},"content":{"rendered":"\n<p><strong>ColumnaSinNombre<br>@pablojair<\/strong><\/p>\n\n\n\n<ul class=\"wp-block-list\"><li>Otra vez manda el gober a su operador estrella a Veracruz.<\/li><li>D\u00edganle a \u201cInmundo\u201d Andrade que est\u00e1 creciendo el ambulantaje.<\/li><li>Reparten lana a municipios que signaron con Sefiplan.<\/li><\/ul>\n\n\n\n<p>Am\u00e1rrenselo, nada les cuesta;<br>el poder los hace hasta ver guapos<br>\u2014Chopenjawer<\/p>\n\n\n\n<p>Fue hace como tres semanas y asistieron cerca de 30 invitados, mismos que fueron convocados a una casa en las afueras de Xalapa.<\/p>\n\n\n\n<p>Una comida muy reservada, s\u00f3lo para muy cercanos al superdelegado Manuel Huerta Ladr\u00f3n de Guevara.<\/p>\n\n\n\n<p>Ah\u00ed confi\u00f3 a sus invitados que iba a buscar la gubernatura de Veracruz. Es decir, se estaba &#8220;destapando&#8221;, como se conoce en el argot pol\u00edtico mexicano.<\/p>\n\n\n\n<p>Y es que su cargo como delegado de los programas de Bienestar lo coloca en una posici\u00f3n privilegiada para aspirar a un cargo de elecci\u00f3n popular de alto nivel en las pr\u00f3ximas elecciones, teniendo en cuenta que Morena tiene pr\u00e1cticamente el escenario favorable para el 2024 tanto en la Presidencia, como en la gubernatura de Veracruz.<\/p>\n\n\n\n<p>Los m\u00e1s prudentes, dicen, le han comentado que podr\u00eda optar mejor por una diputaci\u00f3n federal o que permanezca en el cargo que ha sabido operar bien; de hecho, dicen sus cercanos que \u00e9l est\u00e1 muy c\u00f3modo donde est\u00e1 porque le sabe a eso de caminar en colonias y comunidades, como lo hac\u00eda cuando era m\u00e1s joven. Adem\u00e1s, tiene muchas posibilidades de ser ratificado.<\/p>\n\n\n\n<p>Pero as\u00ed como otros que andan destap\u00e1ndose y sienten que ya es momento de hacerse sentir, Huerta tambi\u00e9n ya ha mostrado sus intenciones, su aspiraci\u00f3n. Sabe que tiene una estructura enorme en los beneficiarios de los programas sociales, pero adem\u00e1s con el ej\u00e9rcito de Servidores de la Naci\u00f3n, que son operadores pol\u00edticos natos en n\u00f3mina.<\/p>\n\n\n\n<p>Es una estructura muy envidiable; basta decir que en muchas ocasiones, en el pasado, los delegados de la desaparecida Secretar\u00eda de Desarrollo Social (hoy Secretar\u00eda del Bienestar) eran precisamente los que ten\u00edan un control importante en cuanto a estructura electoral, por la gran cantidad de beneficiarios.<\/p>\n\n\n\n<p>Desde hace tiempo \u2014as\u00ed lo confirm\u00f3 el presidente Andr\u00e9s Manuel L\u00f3pez Obrador en su conferencia &#8220;ma\u00f1anera&#8221; de este lunes\u2014 ya exist\u00eda una denuncia en contra de Manuel Huerta que se hizo p\u00fablica en conferencia de prensa en octubre de 2020, por presunto acoso sexual.<\/p>\n\n\n\n<p>Huerta ha dicho tambi\u00e9n en reiteradas ocasiones que se trata de ataques pol\u00edticos, y lo mismo dijo el presidente en su conferencia matutina: &#8220;Ya lleva alg\u00fan tiempo esto, no es nuevo; lleva como tres a\u00f1os; se menciona de parte de Manuel que es un asunto pol\u00edtico&#8221;.<\/p>\n\n\n\n<p>Pero el presidente abund\u00f3 m\u00e1s en el tema: &#8220;vamos a pedirle al Gobernador que nos ayude y que se atienda sin impunidad para nadie&#8221;.<\/p>\n\n\n\n<p>La denuncia, seg\u00fan se sabe, est\u00e1 interpuesta en la Fiscal\u00eda General del Estado, pero en la &#8220;ma\u00f1anera&#8221; se cuestion\u00f3 que no se ha iniciado la investigaci\u00f3n.<\/p>\n\n\n\n<p>No es secreto para nadie que si bien trabajan coordinadamente de manera institucional, el grupo del Palacio de Gobierno tiene diferencias pol\u00edticas con el de Manuel Huerta.<\/p>\n\n\n\n<p>O sea, trabajan juntos, pero no \u201cjalan\u201d.<\/p>\n\n\n\n<p>Tampoco es secreto la cercan\u00eda que existe entre el secretario de Gobierno y la titular de la Fiscal\u00eda General del Estado (donde se encuentra la denuncia); por ejemplo, recientemente se les vio p\u00fablicamente en el hotel Fiesta Inn ech\u00e1ndose una botana tranquilamente previo al evento del Festival de Velas.<\/p>\n\n\n\n<p>En este sentido, Manuel Huerta \u2014por decir lo menos\u2014 tiene ya un escenario adverso grave.<\/p>\n\n\n\n<p>Pero comentan en la clase pol\u00edtica que no s\u00f3lo Huerta tiene problemas, pues otro que se ver\u00eda afectado ser\u00eda un diputado federal con el que ten\u00eda (o tiene) acuerdos el superdelegado. Un legislador de una alianza distinta con la que coincide ideol\u00f3gicamente y del que los pobladores del distrito de Coatepec pueden dar testimonio.<\/p>\n\n\n\n<p>Este mismo lunes, el gobernador Cuitl\u00e1huac Garc\u00eda Jim\u00e9nez tambi\u00e9n habl\u00f3 del tema y confirm\u00f3 que &#8220;s\u00ed existen esos se\u00f1alamientos&#8221; pero que el propio funcionario federal considera que son parte de una \u201ccuesti\u00f3n pol\u00edtica\u201d.<\/p>\n\n\n\n<p>Coment\u00f3 que el propio delegado solicit\u00f3 tambi\u00e9n que se investigue y no se opone a la indagatoria.<\/p>\n\n\n\n<p>No obstante, subray\u00f3 que &#8220;no va a haber ning\u00fan tipo de solapamiento&#8221; y que la Fiscal\u00eda General del Estado informar\u00e1 en su momento del caso, mismo que sigue su curso hasta su conclusi\u00f3n.<\/p>\n\n\n\n<p><strong>NOTA PARA PEGAR EN EL REFRI: <\/strong>As\u00ed como ocurri\u00f3 en el Aquarium de Veracruz \u2014a donde lleg\u00f3 a meter orden al despapaye administrativo\u2014 el secretario de Finanzas de Veracruz, Jos\u00e9 Luis Lima Franco, estuvo en d\u00edas recientes haciendo un recorrido por las instalaciones del estadio de futbol \u201cLuis \u2018Pirata\u2019 de la Fuente\u201d, donde alguna vez jugaron los Tiburones Rojos del Veracruz\u2026 El motivo de la visita fue conocer el estado del lugar y dar el banderazo de arranque a las primeras obras de rehabilitaci\u00f3n, donde adem\u00e1s se est\u00e1n haciendo estudios para ver qu\u00e9 es funcional y qu\u00e9 necesita ser renovado\u2026 Precisamente este lunes, en entrevista con reporteros, Lima Franco coment\u00f3 que habr\u00e1 una licitaci\u00f3n p\u00fablica en las que se espera participen empresarios veracruzanos para participar en las obras de restauraci\u00f3n y darles prioridad con el objetivo de reactivar econ\u00f3micamente la zona\u2026 Por cierto, la marca \u201cTiburones Rojos\u201d est\u00e1 vetado por la FIFA y la Federaci\u00f3n Mexicana \u2014por las broncas financieras y legales\u2014 as\u00ed que de una vez deber\u00edan estar haciendo un concurso donde se proponga un nuevo nombre para el equipo de fut profesional, sin hacer ninguna alusi\u00f3n a \u201cEscualos\u201d o \u201cTiburcios\u201d\u2026 Yo creo que quedar\u00eda chido algo as\u00ed como \u201cLos Pejes Guindas\u201d o \u201cLos Perritos Azules\u201d, whatever\u2026<\/p>\n\n\n\n<p><strong>OTRA NOTA:<\/strong> Una ciudadana coatepecana nos contacta v\u00eda redes sociales y comenta con preocupaci\u00f3n el incremento sin control de vendedores ambulantes en la zona centro de Coatepec\u2026 Y es que el pueblito es hartamente visitado para ir a comer o darse la vuelta, pero ya de plano hasta Juan de las Pitas pone un puestecito quesque artesanal para vender bisuter\u00eda y productos piratas: \u201cEn el parque por las tardes y fines de semana desde temprano ponen mesas con productos desde perfumes, las se\u00f1oras de ropa en el piso, fundas para celulares, entre otros m\u00e1s. Cualquier persona puede llegar a instalarse y posteriormente cuando los muevan van a pedir derecho de piso porque creer\u00e1n que ya hicieron antig\u00fcedad. La calle del centro por ejemplo Aldama est\u00e1 llena de ambulantes, se tiene que bajar a caminar por la calle y no por la banqueta. En las calles de Aldama y Campillo se estacionan los carros que traen mercanc\u00eda para venta desde bolsas hasta plantas, esto sin contar las camionetas de la fruta que se molestan que te estaciones en sus lugares de venta que ya han tomado. Pareciera que ya tiene comprado el lugar de estacionamiento y se vuelven agresivo s\u00ed est\u00e1s en su lugar. Las esquinas llenas de carretillas con fruta. En las afueras el mercado cada vez ambulantaje. Desafortunadamente no hay inspectores o un control en el parque y cada d\u00eda el comercio informal est\u00e1 creciendo. La direcci\u00f3n de Comercio no est\u00e1 presenten en checar al menos el primer cuadro del centro. Esto del ambulantaje y crecimiento del comercio informal da para realizar un reportaje. Desafortunadamente no se ve que el Ayuntamiento tenga la intenci\u00f3n o al menos genere orden. Agradezco tu tiempo que me leyeras para poder manifestar mis inquietud del tema del ambulantaje que vive Coatepec y que crece sin medida esta situaci\u00f3n. Agradeciera tambi\u00e9n mi anonimato en mi comentario\u201d\u2026 Porfa, ah\u00ed d\u00edganle al que manda en Coatepec que ponga a chambear a su chal\u00e1n \u201cinmundo\u201d en Palacio Municipal.<\/p>\n\n\n\n<p><strong>LA \u00daLTIMA PORQUE TOCA IR POR DESPENSA DE 300 PESOS: <\/strong>A partir de la pr\u00f3xima semana, los 71 ayuntamientos que signaron el Convenio de Administraci\u00f3n del Impuesto Predial con la Secretar\u00eda de Finanzas y Planeaci\u00f3n (SEFIPLAN) estar\u00e1n recibiendo al menos 132 millones 560 mil pesos\u2026 En conferencia de prensa, el gobernador Cuitl\u00e1huac Garc\u00eda Jim\u00e9nez afirm\u00f3 que de esta manera se cumple el compromiso de fortalecer las finanzas municipales, al entregar directamente un 30 por ciento adicional del Fondo de Fomento Municipal a las administraciones que firmaron antes de mayo\u2026 Con los montos mayores destacan Boca del R\u00edo, 5.2 millones; Camerino Z. Mendoza, 2.5; C\u00f3rdoba, 4.8; Mart\u00ednez de la Torre, 3.8; Orizaba, 10.2; Poza Rica, 6.1; Tuxpan, 15.1; Veracruz, 29.2, y Xalapa, con 13.1.<\/p>\n","protected":false},"excerpt":{"rendered":"<p>ColumnaSinNombre@pablojair Otra vez manda el gober a su operador estrella a Veracruz. D\u00edganle a \u201cInmundo\u201d Andrade que est\u00e1 creciendo el ambulantaje. Reparten lana a municipios que signaron con Sefiplan. Am\u00e1rrenselo, nada les cuesta;el poder los hace hasta ver guapos\u2014Chopenjawer Fue hace como tres semanas y asistieron cerca de 30 invitados, mismos que fueron convocados a [&hellip;]<\/p>\n","protected":false},"author":1,"featured_media":488,"comment_status":"open","ping_status":"open","sticky":false,"template":"","format":"standard","meta":{"_jetpack_memberships_contains_paid_content":false,"footnotes":""},"categories":[11],"tags":[],"class_list":["post-28839","post","type-post","status-publish","format-standard","has-post-thumbnail","hentry","category-opinion"],"jetpack_featured_media_url":"https:\/\/encuentroinformativo.com.mx\/wp-content\/uploads\/2020\/03\/F471F608-BA1A-416B-BA7B-BCFB24F4E6D0.jpeg","jetpack_sharing_enabled":true,"jetpack_likes_enabled":true,"amp_enabled":true,"_links":{"self":[{"href":"https:\/\/encuentroinformativo.com.mx\/index.php?rest_route=\/wp\/v2\/posts\/28839","targetHints":{"allow":["GET"]}}],"collection":[{"href":"https:\/\/encuentroinformativo.com.mx\/index.php?rest_route=\/wp\/v2\/posts"}],"about":[{"href":"https:\/\/encuentroinformativo.com.mx\/index.php?rest_route=\/wp\/v2\/types\/post"}],"author":[{"embeddable":true,"href":"https:\/\/encuentroinformativo.com.mx\/index.php?rest_route=\/wp\/v2\/users\/1"}],"replies":[{"embeddable":true,"href":"https:\/\/encuentroinformativo.com.mx\/index.php?rest_route=%2Fwp%2Fv2%2Fcomments&post=28839"}],"version-history":[{"count":1,"href":"https:\/\/encuentroinformativo.com.mx\/index.php?rest_route=\/wp\/v2\/posts\/28839\/revisions"}],"predecessor-version":[{"id":28840,"href":"https:\/\/encuentroinformativo.com.mx\/index.php?rest_route=\/wp\/v2\/posts\/28839\/revisions\/28840"}],"wp:featuredmedia":[{"embeddable":true,"href":"https:\/\/encuentroinformativo.com.mx\/index.php?rest_route=\/wp\/v2\/media\/488"}],"wp:attachment":[{"href":"https:\/\/encuentroinformativo.com.mx\/index.php?rest_route=%2Fwp%2Fv2%2Fmedia&parent=28839"}],"wp:term":[{"taxonomy":"category","embeddable":true,"href":"https:\/\/encuentroinformativo.com.mx\/index.php?rest_route=%2Fwp%2Fv2%2Fcategories&post=28839"},{"taxonomy":"post_tag","embeddable":true,"href":"https:\/\/encuentroinformativo.com.mx\/index.php?rest_route=%2Fwp%2Fv2%2Ftags&post=28839"}],"curies":[{"name":"wp","href":"https:\/\/api.w.org\/{rel}","templated":true}]}}