{"id":28844,"date":"2022-06-28T10:08:44","date_gmt":"2022-06-28T15:08:44","guid":{"rendered":"https:\/\/encuentroinformativo.com.mx\/?p=28844"},"modified":"2022-06-28T10:08:48","modified_gmt":"2022-06-28T15:08:48","slug":"se-registro-trifulca-en-manifestacion-de-tuxpan-marinos-vs-policia-estatal","status":"publish","type":"post","link":"https:\/\/encuentroinformativo.com.mx\/?p=28844","title":{"rendered":"Se registr\u00f3 trifulca en manifestaci\u00f3n de Tuxpan, Marinos vs Polic\u00eda Estatal"},"content":{"rendered":"\n<p><strong>Alejandro \u00c1vila<\/strong><\/p>\n\n\n\n<p>Tuxpan, Ver.- Momentos de tensi\u00f3n y alarma se vivieron la ma\u00f1ana de este martes por la ma\u00f1ana en las instalaciones de la Polic\u00eda Municipal Tuxpan, durante la manifestaci\u00f3n de los elementos de seguridad local.<\/p>\n\n\n\n<p>El personal operativo de la Polic\u00eda Municipal de Tuxpan reclamaba durante su protesta la mejora salarial, respeto a las prestaciones de ley, compra de nuevos uniformes, chalecos, armamento y cartuchos.<\/p>\n\n\n\n<p>Los uniformados daban entrevista a los medios de comunicaci\u00f3n y explicaban sus inconformidades, solicitando una audiencia con el alcalde Jos\u00e9 Manuel Pozos Castro, qui\u00e9n esperan les ayuda a solucionar su situaci\u00f3n; cu\u00e1ndo de forma repentina ingreso un comando de la Secretar\u00eda de Marina para intentar disuadirlos.<\/p>\n\n\n\n<p>Los elementos de la Secretar\u00eda de Marina qusieron retirar del lugar y de forma agresiva a los medios de comunicaci\u00f3n, lo cual provoc\u00f3 gritos y jaloneos entre los polic\u00edas municipales -qui\u00e9nes se encontraban desarmados- y el grupo de marinos, dejando momentos de tensi\u00f3n e incetidumbre, sobre todo cuando un elemento de la SEMAR cort\u00f3 cartucho.<\/p>\n\n\n\n<p>&#8220;Nosotros venimos pac\u00edficamente, nosotros los polic\u00edas no nos armamos, no es justo que los Marinos est\u00e1n armados, cort\u00f3 cartucho el elemento de la Marina, por eso nosotros no traemos armas, no nos armamos, nosotros los polic\u00edas no nos armamos, los Marinos est\u00e1n armados&#8221;, gritaba una elemento de la Polic\u00eda Municipal durante la trifulca.<\/p>\n\n\n\n<p>El momento r\u00edspido dur\u00f3 algunos minutos y finalmente se calmaron los \u00e1nimos, aunque el personal de la Polic\u00eda Municipal de Tuxpan dej\u00f3 en claro que, no terminar\u00e1n con su manifestaci\u00f3n hasta que tengan una audiencia con el alcalde Jos\u00e9 Manuel Pozos Castro.<\/p>\n\n\n\n<figure class=\"wp-block-image size-large\"><img loading=\"lazy\" decoding=\"async\" width=\"1024\" height=\"567\" src=\"https:\/\/encuentroinformativo.com.mx\/wp-content\/uploads\/2022\/06\/C103162F-7DAC-4592-97F1-8A5910B0933D-1024x567.jpeg\" alt=\"\" class=\"wp-image-28846\" srcset=\"https:\/\/encuentroinformativo.com.mx\/wp-content\/uploads\/2022\/06\/C103162F-7DAC-4592-97F1-8A5910B0933D-1024x567.jpeg 1024w, https:\/\/encuentroinformativo.com.mx\/wp-content\/uploads\/2022\/06\/C103162F-7DAC-4592-97F1-8A5910B0933D-300x166.jpeg 300w, https:\/\/encuentroinformativo.com.mx\/wp-content\/uploads\/2022\/06\/C103162F-7DAC-4592-97F1-8A5910B0933D-768x425.jpeg 768w, https:\/\/encuentroinformativo.com.mx\/wp-content\/uploads\/2022\/06\/C103162F-7DAC-4592-97F1-8A5910B0933D.jpeg 1280w\" sizes=\"auto, (max-width: 1024px) 100vw, 1024px\" \/><\/figure>\n","protected":false},"excerpt":{"rendered":"<p>Alejandro \u00c1vila Tuxpan, Ver.- Momentos de tensi\u00f3n y alarma se vivieron la ma\u00f1ana de este martes por la ma\u00f1ana en las instalaciones de la Polic\u00eda Municipal Tuxpan, durante la manifestaci\u00f3n de los elementos de seguridad local. El personal operativo de la Polic\u00eda Municipal de Tuxpan reclamaba durante su protesta la mejora salarial, respeto a las [&hellip;]<\/p>\n","protected":false},"author":1,"featured_media":28845,"comment_status":"open","ping_status":"open","sticky":false,"template":"","format":"standard","meta":{"_jetpack_memberships_contains_paid_content":false,"footnotes":""},"categories":[14],"tags":[],"class_list":["post-28844","post","type-post","status-publish","format-standard","has-post-thumbnail","hentry","category-policiaca"],"jetpack_featured_media_url":"https:\/\/encuentroinformativo.com.mx\/wp-content\/uploads\/2022\/06\/C24A122D-5ED4-4C72-8F7A-E9944E9484D7.jpeg","jetpack_sharing_enabled":true,"jetpack_likes_enabled":true,"amp_enabled":true,"_links":{"self":[{"href":"https:\/\/encuentroinformativo.com.mx\/index.php?rest_route=\/wp\/v2\/posts\/28844","targetHints":{"allow":["GET"]}}],"collection":[{"href":"https:\/\/encuentroinformativo.com.mx\/index.php?rest_route=\/wp\/v2\/posts"}],"about":[{"href":"https:\/\/encuentroinformativo.com.mx\/index.php?rest_route=\/wp\/v2\/types\/post"}],"author":[{"embeddable":true,"href":"https:\/\/encuentroinformativo.com.mx\/index.php?rest_route=\/wp\/v2\/users\/1"}],"replies":[{"embeddable":true,"href":"https:\/\/encuentroinformativo.com.mx\/index.php?rest_route=%2Fwp%2Fv2%2Fcomments&post=28844"}],"version-history":[{"count":1,"href":"https:\/\/encuentroinformativo.com.mx\/index.php?rest_route=\/wp\/v2\/posts\/28844\/revisions"}],"predecessor-version":[{"id":28847,"href":"https:\/\/encuentroinformativo.com.mx\/index.php?rest_route=\/wp\/v2\/posts\/28844\/revisions\/28847"}],"wp:featuredmedia":[{"embeddable":true,"href":"https:\/\/encuentroinformativo.com.mx\/index.php?rest_route=\/wp\/v2\/media\/28845"}],"wp:attachment":[{"href":"https:\/\/encuentroinformativo.com.mx\/index.php?rest_route=%2Fwp%2Fv2%2Fmedia&parent=28844"}],"wp:term":[{"taxonomy":"category","embeddable":true,"href":"https:\/\/encuentroinformativo.com.mx\/index.php?rest_route=%2Fwp%2Fv2%2Fcategories&post=28844"},{"taxonomy":"post_tag","embeddable":true,"href":"https:\/\/encuentroinformativo.com.mx\/index.php?rest_route=%2Fwp%2Fv2%2Ftags&post=28844"}],"curies":[{"name":"wp","href":"https:\/\/api.w.org\/{rel}","templated":true}]}}