{"id":2885,"date":"2020-05-28T14:01:08","date_gmt":"2020-05-28T19:01:08","guid":{"rendered":"https:\/\/encuentroinformativo.com\/?p=2885"},"modified":"2020-05-28T14:01:10","modified_gmt":"2020-05-28T19:01:10","slug":"covid-deja-desempleos-e-inseguridad-regidor","status":"publish","type":"post","link":"https:\/\/encuentroinformativo.com.mx\/?p=2885","title":{"rendered":"Covid deja desempleos e inseguridad: Regidor"},"content":{"rendered":"\n<p><strong>Dar\u00edo Pale <\/strong><\/p>\n\n\n\n<p>Xalapa, Ver.- El regidor d\u00e9cimo del ayuntamiento de Xalapa, Juan Gabriel Fernandez Garibay dio a conocer que existen muchos comercios que ya han tocado fondo, y expres\u00f3 \u00a0que aquella persona que ha estado en la iniciativa privada y que haya intentado poner un negocio entiende el dolor que es perder todo lo que se ha trabajado.<\/p>\n\n\n\n<p>Entrevistado en las calles del centro de Xalapa, manifest\u00f3 que se tiene que trabajar en poner protocolos de seguridad y sanidad para lo que ser\u00e1 la nueva vida sobre todo porque se estima que todav\u00eda falta mucho tiempo para volver a la normalidad.<\/p>\n\n\n\n<p>\u201cLa gente est\u00e1 tocando fondo no hay empleos los focos de inseguridad en la periferia de la ciudad ya subieron\u201d, acot\u00f3.<\/p>\n\n\n\n<p>El titular de comisi\u00f3n Edilicia de Seguridad manifest\u00f3 que se tiene que encontrar el balance entre la salud y el desarrollo econ\u00f3mico.<\/p>\n\n\n\n<p>En otro orden de ideas de acuerdo a la misma informaci\u00f3n de la Direcci\u00f3n de Seguridad Ciudadana de Xalapa se han incrementado los focos de inseguridad en la periferia de la ciudad.<\/p>\n\n\n\n<p>Finalmente coment\u00f3 que este d\u00eda ser\u00e1n presentados en la comisi\u00f3n de Desarrollo Econ\u00f3mico los avances de los protocolos de seguridad y sanidad para apoyar a la ciudadan\u00eda \u201csino de otra manera va a colapsar la econom\u00eda de Xalapa\u201d.<\/p>\n\n\n\n<p><\/p>\n","protected":false},"excerpt":{"rendered":"<p>Dar\u00edo Pale Xalapa, Ver.- El regidor d\u00e9cimo del ayuntamiento de Xalapa, Juan Gabriel Fernandez Garibay dio a conocer que existen muchos comercios que ya han tocado fondo, y expres\u00f3 \u00a0que aquella persona que ha estado en la iniciativa privada y que haya intentado poner un negocio entiende el dolor que es perder todo lo que [&hellip;]<\/p>\n","protected":false},"author":1,"featured_media":2886,"comment_status":"open","ping_status":"open","sticky":false,"template":"","format":"standard","meta":{"_jetpack_memberships_contains_paid_content":false,"footnotes":""},"categories":[3],"tags":[],"class_list":["post-2885","post","type-post","status-publish","format-standard","has-post-thumbnail","hentry","category-xalapa"],"jetpack_featured_media_url":"https:\/\/encuentroinformativo.com.mx\/wp-content\/uploads\/2020\/05\/C26DD31C-B0B6-4F10-8641-3FCE63017EF2.jpeg","jetpack_sharing_enabled":true,"jetpack_likes_enabled":true,"amp_enabled":true,"_links":{"self":[{"href":"https:\/\/encuentroinformativo.com.mx\/index.php?rest_route=\/wp\/v2\/posts\/2885","targetHints":{"allow":["GET"]}}],"collection":[{"href":"https:\/\/encuentroinformativo.com.mx\/index.php?rest_route=\/wp\/v2\/posts"}],"about":[{"href":"https:\/\/encuentroinformativo.com.mx\/index.php?rest_route=\/wp\/v2\/types\/post"}],"author":[{"embeddable":true,"href":"https:\/\/encuentroinformativo.com.mx\/index.php?rest_route=\/wp\/v2\/users\/1"}],"replies":[{"embeddable":true,"href":"https:\/\/encuentroinformativo.com.mx\/index.php?rest_route=%2Fwp%2Fv2%2Fcomments&post=2885"}],"version-history":[{"count":1,"href":"https:\/\/encuentroinformativo.com.mx\/index.php?rest_route=\/wp\/v2\/posts\/2885\/revisions"}],"predecessor-version":[{"id":2887,"href":"https:\/\/encuentroinformativo.com.mx\/index.php?rest_route=\/wp\/v2\/posts\/2885\/revisions\/2887"}],"wp:featuredmedia":[{"embeddable":true,"href":"https:\/\/encuentroinformativo.com.mx\/index.php?rest_route=\/wp\/v2\/media\/2886"}],"wp:attachment":[{"href":"https:\/\/encuentroinformativo.com.mx\/index.php?rest_route=%2Fwp%2Fv2%2Fmedia&parent=2885"}],"wp:term":[{"taxonomy":"category","embeddable":true,"href":"https:\/\/encuentroinformativo.com.mx\/index.php?rest_route=%2Fwp%2Fv2%2Fcategories&post=2885"},{"taxonomy":"post_tag","embeddable":true,"href":"https:\/\/encuentroinformativo.com.mx\/index.php?rest_route=%2Fwp%2Fv2%2Ftags&post=2885"}],"curies":[{"name":"wp","href":"https:\/\/api.w.org\/{rel}","templated":true}]}}