{"id":28882,"date":"2022-06-28T13:25:42","date_gmt":"2022-06-28T18:25:42","guid":{"rendered":"https:\/\/encuentroinformativo.com.mx\/?p=28882"},"modified":"2022-06-29T12:28:36","modified_gmt":"2022-06-29T17:28:36","slug":"denuncian-violencia-de-genero-en-poder-judicial","status":"publish","type":"post","link":"https:\/\/encuentroinformativo.com.mx\/?p=28882","title":{"rendered":"Denuncian violencia de g\u00e9nero en Poder Judicial"},"content":{"rendered":"\n<p><strong>Dar\u00edo Pale <\/strong><\/p>\n\n\n\n<p>Xalapa, Ver.- Presentaron una denuncia en contra de quien resulte responsable por violencia pol\u00edtica en raz\u00f3n de g\u00e9nero, ello luego de la difusi\u00f3n de videos y fotos en donde supuestamente aparece bailando y derrochando recursos con el regidor de Xalapa, Daniel Fern\u00e1ndez Carre\u00f3n, as\u00ed lo dio a conocer la directora de Administraci\u00f3n del Poder Judicial, Johana Marlen Bautista.<\/p>\n\n\n\n<p>Aunque no dio a conocer los nombres, revel\u00f3 que se tratar\u00eda de dos servidores p\u00fablicos de ah\u00ed mismo del Poder Judicial, un hombre y una mujer.<\/p>\n\n\n\n<p>&#8220;No vamos a dejarnos, no solamente soy yo, soy todas las mujeres de Veracruz que han seguido esto que me ha estado pasando. No s\u00f3lo soy yo, una mujer profesionista, con hijas a quien han vulnerado sus derechos, sino a todas las mujeres que han sufrido violencia de g\u00e9nero, pol\u00edtica en la administraci\u00f3n, de abuso&#8221;, se\u00f1al\u00f3.<\/p>\n\n\n\n<p>Acus\u00f3 que hay una campa\u00f1a en su contra donde desprestigian su trabajo, pero ahora se metieron con su familia y particularmente sus hijas, al haber utilizado fotos de ellas con textos inapropiados.<\/p>\n\n\n\n<p>Aunque no precis\u00f3 los nombres, dijo que tiene identificados a un par de servidores p\u00fablicos, un hombre y una mujer, en cargos importantes como posibles responsables de la difusi\u00f3n de las im\u00e1genes.<\/p>\n\n\n\n<p>Sin embargo, no descart\u00f3 que pudiera haber m\u00e1s personas involucradas, pero en su denuncia dio indicios de quien \u00a0pudiera estar detr\u00e1s de los ataques de genero en su contra.<\/p>\n\n\n\n<p>Lament\u00f3 que circulen videos de su imagen y su familia, y en ese sentido se sum\u00f3 al llamado del presidente Andres Manuel L\u00f3pez Obrador de no meterse con la familia y mucho menos con los hijos cuando son s\u00f3lo unos ni\u00f1os.<\/p>\n\n\n\n<p>Finalmente dio a conocer que, &#8220;no se vale denostar la imagen, como dice el Presidente: m\u00e9tanse conmigo, no se metan con mi familia&#8221;.<\/p>\n","protected":false},"excerpt":{"rendered":"<p>Dar\u00edo Pale Xalapa, Ver.- Presentaron una denuncia en contra de quien resulte responsable por violencia pol\u00edtica en raz\u00f3n de g\u00e9nero, ello luego de la difusi\u00f3n de videos y fotos en donde supuestamente aparece bailando y derrochando recursos con el regidor de Xalapa, Daniel Fern\u00e1ndez Carre\u00f3n, as\u00ed lo dio a conocer la directora de Administraci\u00f3n del [&hellip;]<\/p>\n","protected":false},"author":1,"featured_media":28883,"comment_status":"open","ping_status":"open","sticky":false,"template":"","format":"standard","meta":{"_jetpack_memberships_contains_paid_content":false,"footnotes":""},"categories":[2],"tags":[],"class_list":["post-28882","post","type-post","status-publish","format-standard","has-post-thumbnail","hentry","category-estado"],"jetpack_featured_media_url":"https:\/\/encuentroinformativo.com.mx\/wp-content\/uploads\/2022\/06\/74BA8E9E-D8F2-4CFC-933E-D9E9314FC1E4.jpeg","jetpack_sharing_enabled":true,"jetpack_likes_enabled":true,"amp_enabled":true,"_links":{"self":[{"href":"https:\/\/encuentroinformativo.com.mx\/index.php?rest_route=\/wp\/v2\/posts\/28882","targetHints":{"allow":["GET"]}}],"collection":[{"href":"https:\/\/encuentroinformativo.com.mx\/index.php?rest_route=\/wp\/v2\/posts"}],"about":[{"href":"https:\/\/encuentroinformativo.com.mx\/index.php?rest_route=\/wp\/v2\/types\/post"}],"author":[{"embeddable":true,"href":"https:\/\/encuentroinformativo.com.mx\/index.php?rest_route=\/wp\/v2\/users\/1"}],"replies":[{"embeddable":true,"href":"https:\/\/encuentroinformativo.com.mx\/index.php?rest_route=%2Fwp%2Fv2%2Fcomments&post=28882"}],"version-history":[{"count":1,"href":"https:\/\/encuentroinformativo.com.mx\/index.php?rest_route=\/wp\/v2\/posts\/28882\/revisions"}],"predecessor-version":[{"id":28884,"href":"https:\/\/encuentroinformativo.com.mx\/index.php?rest_route=\/wp\/v2\/posts\/28882\/revisions\/28884"}],"wp:featuredmedia":[{"embeddable":true,"href":"https:\/\/encuentroinformativo.com.mx\/index.php?rest_route=\/wp\/v2\/media\/28883"}],"wp:attachment":[{"href":"https:\/\/encuentroinformativo.com.mx\/index.php?rest_route=%2Fwp%2Fv2%2Fmedia&parent=28882"}],"wp:term":[{"taxonomy":"category","embeddable":true,"href":"https:\/\/encuentroinformativo.com.mx\/index.php?rest_route=%2Fwp%2Fv2%2Fcategories&post=28882"},{"taxonomy":"post_tag","embeddable":true,"href":"https:\/\/encuentroinformativo.com.mx\/index.php?rest_route=%2Fwp%2Fv2%2Ftags&post=28882"}],"curies":[{"name":"wp","href":"https:\/\/api.w.org\/{rel}","templated":true}]}}