{"id":28885,"date":"2022-06-29T13:52:53","date_gmt":"2022-06-29T18:52:53","guid":{"rendered":"https:\/\/encuentroinformativo.com.mx\/?p=28885"},"modified":"2022-06-29T13:52:57","modified_gmt":"2022-06-29T18:52:57","slug":"familiares-de-jefe-de-policia-reclaman-su-aparicion-marchan-en-xalapa","status":"publish","type":"post","link":"https:\/\/encuentroinformativo.com.mx\/?p=28885","title":{"rendered":"Familiares de jefe de polic\u00eda, reclaman su aparici\u00f3n; marchan en Xalapa"},"content":{"rendered":"\n<p><strong>Juan Arcos <\/strong><\/p>\n\n\n\n<p>Xalapa, Ver.- Familiares y amigos del jefe de la Polic\u00eda Vial, Juan Alan Cuetero Meza, alias \u201cEl Archi\u201d, marcharon en esta ciudad de Xalapa, para exigir su aparici\u00f3n con vida y que haya justicia en el caso.<\/p>\n\n\n\n<p>El pasado 29 de mayo, alrededor de las 12:00 horas, el servidor p\u00fablico fue \u201clevantado\u201d por presuntos delincuentes sobre la calle Ej\u00e9rcito Mexicano, en la zona del fraccionamiento Floresta, en el puerto de Veracruz, donde se llevaron tambi\u00e9n su veh\u00edculo particular.<\/p>\n\n\n\n<p>Este mi\u00e9rcoles 29 de junio, sus seres queridos se concentraron en el Monumento a la Madre y posteriormente caminaron hacia Palacio de Gobierno, donde bloquearon la calle Juan de la Luz Enr\u00edquez.<\/p>\n\n\n\n<p>En el lugar, Lidia Enriqueta Meza L\u00f3pez, madre de \u201cEl Archi\u201d, pidi\u00f3 la intervenci\u00f3n de las autoridades estatales, pues su hijo cumpli\u00f3 un mes en calidad de desaparecido y dijo desconocer si a\u00fan sigue con vida.<\/p>\n\n\n\n<p>\u201cYo no s\u00e9 por qu\u00e9 se lo llevaron, necesito a mi hijo, que me lo regresen. No sabemos si mi hijo est\u00e9 vivo o ya no est\u00e9, pero que me lo regresen. Yo le pido a Dios que me lo regresen como est\u00e9 pero que me lo regresen\u201d, expres\u00f3 la mujer mientras lloraba y sosten\u00eda una fotograf\u00eda de su hijo estrechando la mano al gobernador Cuitl\u00e1huac Garc\u00eda Jim\u00e9nez.<\/p>\n\n\n\n<p>La se\u00f1ora enfatiz\u00f3 que la Fiscal\u00eda General del Estado (FGE) no les ha informado nada sobre las investigaciones, ni nada acerca del caso.<\/p>\n\n\n\n<p>Lo \u00fanico que supieron es que dos d\u00edas despu\u00e9s de la desaparici\u00f3n fue encontrado el veh\u00edculo de \u201cEl Archi\u201d en el municipio de Emiliano Zapata, cerca de Xalapa, mismo que contin\u00faa a disposici\u00f3n de las autoridades.<\/p>\n\n\n\n<p>\u201cNo dormimos, no comemos, tengo el estomago un caos. No s\u00e9 por qu\u00e9 se lo llevaron\u201d, a\u00f1adi\u00f3 la madre del desaparecido.<\/p>\n\n\n\n<p>Tambi\u00e9n record\u00f3 que accedieron a las c\u00e1maras de videovigilancia del C5 donde se observa que unas camionetas persiguen al Jefe de la Polic\u00eda Vial, cuando viajaba en su veh\u00edculo particular.<\/p>\n\n\n\n<p>Las personas exigieron una audiencia con el gobernador Cuitl\u00e1huac Garc\u00eda Jim\u00e9nez y la titular de la Fiscal\u00eda General del Estado, Ver\u00f3nica Hern\u00e1ndez Giad\u00e1ns, para el esclarecimiento de este caso.<\/p>\n\n\n\n<p>En la marcha tambi\u00e9n se observ\u00f3 a la esposa de \u201cEl Archi\u201d, Luc\u00eda Mart\u00ednez, quien llevaba en brazos a su hijo, un peque\u00f1o de dos a\u00f1os que a gritos pide el regreso de su pap\u00e1.<\/p>\n\n\n\n<figure class=\"wp-block-image size-large\"><img loading=\"lazy\" decoding=\"async\" width=\"1024\" height=\"683\" src=\"https:\/\/encuentroinformativo.com.mx\/wp-content\/uploads\/2022\/06\/5859D1F4-039A-4BC1-B4A3-7FEDFA31BDE9-1024x683.jpeg\" alt=\"\" class=\"wp-image-28887\" srcset=\"https:\/\/encuentroinformativo.com.mx\/wp-content\/uploads\/2022\/06\/5859D1F4-039A-4BC1-B4A3-7FEDFA31BDE9-1024x683.jpeg 1024w, https:\/\/encuentroinformativo.com.mx\/wp-content\/uploads\/2022\/06\/5859D1F4-039A-4BC1-B4A3-7FEDFA31BDE9-300x200.jpeg 300w, https:\/\/encuentroinformativo.com.mx\/wp-content\/uploads\/2022\/06\/5859D1F4-039A-4BC1-B4A3-7FEDFA31BDE9-768x512.jpeg 768w, https:\/\/encuentroinformativo.com.mx\/wp-content\/uploads\/2022\/06\/5859D1F4-039A-4BC1-B4A3-7FEDFA31BDE9.jpeg 1488w\" sizes=\"auto, (max-width: 1024px) 100vw, 1024px\" \/><\/figure>\n\n\n\n<figure class=\"wp-block-image size-large\"><img loading=\"lazy\" decoding=\"async\" width=\"1024\" height=\"683\" src=\"https:\/\/encuentroinformativo.com.mx\/wp-content\/uploads\/2022\/06\/DA295977-9F6B-4A3E-B533-D0F6C1D0862F-1024x683.jpeg\" alt=\"\" class=\"wp-image-28888\" srcset=\"https:\/\/encuentroinformativo.com.mx\/wp-content\/uploads\/2022\/06\/DA295977-9F6B-4A3E-B533-D0F6C1D0862F-1024x683.jpeg 1024w, https:\/\/encuentroinformativo.com.mx\/wp-content\/uploads\/2022\/06\/DA295977-9F6B-4A3E-B533-D0F6C1D0862F-300x200.jpeg 300w, https:\/\/encuentroinformativo.com.mx\/wp-content\/uploads\/2022\/06\/DA295977-9F6B-4A3E-B533-D0F6C1D0862F-768x512.jpeg 768w, https:\/\/encuentroinformativo.com.mx\/wp-content\/uploads\/2022\/06\/DA295977-9F6B-4A3E-B533-D0F6C1D0862F.jpeg 1488w\" sizes=\"auto, (max-width: 1024px) 100vw, 1024px\" \/><\/figure>\n","protected":false},"excerpt":{"rendered":"<p>Juan Arcos Xalapa, Ver.- Familiares y amigos del jefe de la Polic\u00eda Vial, Juan Alan Cuetero Meza, alias \u201cEl Archi\u201d, marcharon en esta ciudad de Xalapa, para exigir su aparici\u00f3n con vida y que haya justicia en el caso. El pasado 29 de mayo, alrededor de las 12:00 horas, el servidor p\u00fablico fue \u201clevantado\u201d por [&hellip;]<\/p>\n","protected":false},"author":1,"featured_media":28886,"comment_status":"open","ping_status":"open","sticky":false,"template":"","format":"standard","meta":{"_jetpack_memberships_contains_paid_content":false,"footnotes":""},"categories":[3],"tags":[],"class_list":["post-28885","post","type-post","status-publish","format-standard","has-post-thumbnail","hentry","category-xalapa"],"jetpack_featured_media_url":"https:\/\/encuentroinformativo.com.mx\/wp-content\/uploads\/2022\/06\/2FEDDC77-7674-484F-8316-F7250032CCDC.jpeg","jetpack_sharing_enabled":true,"jetpack_likes_enabled":true,"amp_enabled":true,"_links":{"self":[{"href":"https:\/\/encuentroinformativo.com.mx\/index.php?rest_route=\/wp\/v2\/posts\/28885","targetHints":{"allow":["GET"]}}],"collection":[{"href":"https:\/\/encuentroinformativo.com.mx\/index.php?rest_route=\/wp\/v2\/posts"}],"about":[{"href":"https:\/\/encuentroinformativo.com.mx\/index.php?rest_route=\/wp\/v2\/types\/post"}],"author":[{"embeddable":true,"href":"https:\/\/encuentroinformativo.com.mx\/index.php?rest_route=\/wp\/v2\/users\/1"}],"replies":[{"embeddable":true,"href":"https:\/\/encuentroinformativo.com.mx\/index.php?rest_route=%2Fwp%2Fv2%2Fcomments&post=28885"}],"version-history":[{"count":1,"href":"https:\/\/encuentroinformativo.com.mx\/index.php?rest_route=\/wp\/v2\/posts\/28885\/revisions"}],"predecessor-version":[{"id":28889,"href":"https:\/\/encuentroinformativo.com.mx\/index.php?rest_route=\/wp\/v2\/posts\/28885\/revisions\/28889"}],"wp:featuredmedia":[{"embeddable":true,"href":"https:\/\/encuentroinformativo.com.mx\/index.php?rest_route=\/wp\/v2\/media\/28886"}],"wp:attachment":[{"href":"https:\/\/encuentroinformativo.com.mx\/index.php?rest_route=%2Fwp%2Fv2%2Fmedia&parent=28885"}],"wp:term":[{"taxonomy":"category","embeddable":true,"href":"https:\/\/encuentroinformativo.com.mx\/index.php?rest_route=%2Fwp%2Fv2%2Fcategories&post=28885"},{"taxonomy":"post_tag","embeddable":true,"href":"https:\/\/encuentroinformativo.com.mx\/index.php?rest_route=%2Fwp%2Fv2%2Ftags&post=28885"}],"curies":[{"name":"wp","href":"https:\/\/api.w.org\/{rel}","templated":true}]}}