{"id":28902,"date":"2022-06-29T20:11:53","date_gmt":"2022-06-30T01:11:53","guid":{"rendered":"https:\/\/encuentroinformativo.com.mx\/?p=28902"},"modified":"2022-06-29T20:11:57","modified_gmt":"2022-06-30T01:11:57","slug":"reactiva-alcalde-jm-unanue-la-clinica-de-rehabilitacion-fisica-de-casas-tamsa","status":"publish","type":"post","link":"https:\/\/encuentroinformativo.com.mx\/?p=28902","title":{"rendered":"Reactiva Alcalde JM Un\u00e1nue la Cl\u00ednica de Rehabilitaci\u00f3n F\u00edsica de Casas Tamsa"},"content":{"rendered":"\n<p><strong>*<em>Con la suma de esfuerzos; gobierno y rotarios, ponen en marcha este espacio que ser\u00e1 de gran beneficio para todos los boque\u00f1os<\/em>.<\/strong><\/p>\n\n\n\n<p>Boca del R\u00edo, Ver.- El Ayuntamiento de Boca del R\u00edo y el Club Rotario de Costa de Oro, firmaron un convenio de comodato de los bienes muebles que conforman el equipo de la \u201cCl\u00ednica de Rehabilitaci\u00f3n F\u00edsica de Casas Tamsa Paul P. Harris\u201d, a trav\u00e9s del DIF Municipal.<\/p>\n\n\n\n<p>Juan Manuel Un\u00e1nue Abascal, Presidente Municipal de Boca del R\u00edo, resalt\u00f3 que es necesario brindarle a la poblaci\u00f3n, espacios y herramientas que ayuden a mejorar su calidad de vida.<\/p>\n\n\n\n<p>\u201cEste evento no es menor, este evento es muy importante, porque pr\u00e1cticamente ponemos a funcionar ya, este gran espacio que es para todas y todos los boque\u00f1os\u201d,<\/p>\n\n\n\n<p>Un\u00e1nue Abascal destac\u00f3 el esp\u00edritu social de su gobierno, porque muchas personas no pueden acceder y costear este tipo de servicios, consultas y rehabilitaciones, \u201cpor eso este d\u00eda es muy especial para nosotros como gobierno\u201d.<\/p>\n\n\n\n<p>\u201cA lo largo de estos a\u00f1os, caminando en las diferentes colonias y fraccionamientos me he encontrado un n\u00famero muy importante de amigas y amigos de Boca del R\u00edo que necesitan este tipo de lugares, que necesitan de una rehabilitaci\u00f3n, que necesitan de una atenci\u00f3n\u201d, enfatiz\u00f3.<\/p>\n\n\n\n<p>Por su parte, la presidenta del DIF Municipal, Melina Rivera de Un\u00e1nue, recalc\u00f3 que la cl\u00ednica beneficiar\u00e1 a todos los ciudadanos que requieran de sus servicios, pero, principalmente a los menos favorecidos.<\/p>\n\n\n\n<p>\u201cTenemos adultos mayores con enfermedades degenerativas que les impiden desplazarse o moverse correctamente y es aqu\u00ed donde podr\u00e1n encontrar la ayuda necesaria para trabajar con su motricidad y poder disminuir el dolor que los aqueja d\u00eda y noche\u201d.<\/p>\n\n\n\n<p>Adem\u00e1s de, \u201cj\u00f3venes deportistas que est\u00e1n en rehabilitaci\u00f3n, ni\u00f1os que tambi\u00e9n desde peque\u00f1os lo necesitan, aqu\u00ed hay un gran centro de rehabilitaci\u00f3n con el que pueden contar los ciudadanos de Boca del R\u00edo\u201d.<\/p>\n\n\n\n<p>Las autoridades municipales informaron que solo se buscar\u00e1 una cuota de recuperaci\u00f3n, pues lo que se busca, es la suma de esfuerzos en beneficio de la poblaci\u00f3n vulnerable.<\/p>\n\n\n\n<p>Sania Arellano Ruiz; presidenta del Club Rotario Costa de Oro, se dijo agradecida con la primera autoridad de Boca del R\u00edo.<\/p>\n\n\n\n<p>\u201cAgradecemos al Alcalde por esta gran oportunidad que nos da, de contribuir juntos en una alianza de trabajo en beneficio de la sociedad (\u2026) Agradecer a Melina, que con su gran empat\u00eda y cari\u00f1o mueves corazones, muchas gracias por motivarnos\u201d.<\/p>\n\n\n\n<p>Cabe destacar, que la cl\u00ednica de rehabilitaci\u00f3n ubicada en Calle Cerrada Central esquina Calle 6, en Casas Tamsa, cuenta con los servicios de electroestimulaci\u00f3n, ultrasonido, termoterapia, crioterapia, presoterapia y parafinero.<\/p>\n","protected":false},"excerpt":{"rendered":"<p>*Con la suma de esfuerzos; gobierno y rotarios, ponen en marcha este espacio que ser\u00e1 de gran beneficio para todos los boque\u00f1os. Boca del R\u00edo, Ver.- El Ayuntamiento de Boca del R\u00edo y el Club Rotario de Costa de Oro, firmaron un convenio de comodato de los bienes muebles que conforman el equipo de la [&hellip;]<\/p>\n","protected":false},"author":1,"featured_media":28903,"comment_status":"open","ping_status":"open","sticky":false,"template":"","format":"standard","meta":{"_jetpack_memberships_contains_paid_content":false,"footnotes":""},"categories":[2],"tags":[],"class_list":["post-28902","post","type-post","status-publish","format-standard","has-post-thumbnail","hentry","category-estado"],"jetpack_featured_media_url":"https:\/\/encuentroinformativo.com.mx\/wp-content\/uploads\/2022\/06\/5F0C146C-1403-46CC-B746-DF2C013CE9A0.jpeg","jetpack_sharing_enabled":true,"jetpack_likes_enabled":true,"amp_enabled":true,"_links":{"self":[{"href":"https:\/\/encuentroinformativo.com.mx\/index.php?rest_route=\/wp\/v2\/posts\/28902","targetHints":{"allow":["GET"]}}],"collection":[{"href":"https:\/\/encuentroinformativo.com.mx\/index.php?rest_route=\/wp\/v2\/posts"}],"about":[{"href":"https:\/\/encuentroinformativo.com.mx\/index.php?rest_route=\/wp\/v2\/types\/post"}],"author":[{"embeddable":true,"href":"https:\/\/encuentroinformativo.com.mx\/index.php?rest_route=\/wp\/v2\/users\/1"}],"replies":[{"embeddable":true,"href":"https:\/\/encuentroinformativo.com.mx\/index.php?rest_route=%2Fwp%2Fv2%2Fcomments&post=28902"}],"version-history":[{"count":1,"href":"https:\/\/encuentroinformativo.com.mx\/index.php?rest_route=\/wp\/v2\/posts\/28902\/revisions"}],"predecessor-version":[{"id":28904,"href":"https:\/\/encuentroinformativo.com.mx\/index.php?rest_route=\/wp\/v2\/posts\/28902\/revisions\/28904"}],"wp:featuredmedia":[{"embeddable":true,"href":"https:\/\/encuentroinformativo.com.mx\/index.php?rest_route=\/wp\/v2\/media\/28903"}],"wp:attachment":[{"href":"https:\/\/encuentroinformativo.com.mx\/index.php?rest_route=%2Fwp%2Fv2%2Fmedia&parent=28902"}],"wp:term":[{"taxonomy":"category","embeddable":true,"href":"https:\/\/encuentroinformativo.com.mx\/index.php?rest_route=%2Fwp%2Fv2%2Fcategories&post=28902"},{"taxonomy":"post_tag","embeddable":true,"href":"https:\/\/encuentroinformativo.com.mx\/index.php?rest_route=%2Fwp%2Fv2%2Ftags&post=28902"}],"curies":[{"name":"wp","href":"https:\/\/api.w.org\/{rel}","templated":true}]}}