{"id":28911,"date":"2022-06-30T09:40:35","date_gmt":"2022-06-30T14:40:35","guid":{"rendered":"https:\/\/encuentroinformativo.com.mx\/?p=28911"},"modified":"2022-06-30T09:40:39","modified_gmt":"2022-06-30T14:40:39","slug":"reviven-a-cesar-yanez-para-fortalecer-a-adan","status":"publish","type":"post","link":"https:\/\/encuentroinformativo.com.mx\/?p=28911","title":{"rendered":"REVIVEN A C\u00c9SAR Y\u00c1\u00d1EZ\u2026 \u00bfPARA FORTALECER A AD\u00c1N?"},"content":{"rendered":"\n<p><strong>ColumnaSinNombre<br>@pablojair<\/strong><\/p>\n\n\n\n<ul class=\"wp-block-list\"><li>\u201cUlito\u201d s\u00f3lo quiere hacer ruido medi\u00e1tico con lo de las armas.<\/li><li>Veracruzanos, entre los muertos de la tragedia de San Antonio.<\/li><li>\u00bfYa est\u00e1n organizando la pr\u00f3xima Cumbre Taj\u00edn?<\/li><li>Llaman a tomar protesta al suplente de Jes\u00fas Carranza.<\/li><\/ul>\n\n\n\n<p>Parece que no ser\u00e1 Eva.<br>Ad\u00e1n ser\u00e1 la manzana de la discordia en el para\u00edso\u2026<br>\u00bfy el C\u00e9sar? A lo que es del C\u00e9sar<br>\u2014Chopenjawer<\/p>\n\n\n\n<p>En sus campa\u00f1as rumbo a la Presidencia de la Rep\u00fablica, Andr\u00e9s Manuel L\u00f3pez Obrador viajaba con una comitiva muy peque\u00f1a recorriendo diversos puntos del pa\u00eds en carretera.<\/p>\n\n\n\n<p>B\u00e1sicamente su equipo m\u00e1s cercano eran su chofer y su amigo de hace muchos a\u00f1os, C\u00e9sar Y\u00e1\u00f1ez Centeno, quien tambi\u00e9n fue colaborador cercano del excandidato presidencial Cuauht\u00e9moc C\u00e1rdenas Solorzano.<\/p>\n\n\n\n<p>A C\u00e9sar Y\u00e1\u00f1ez varias veces se le vio como el encargado de grabar, con una c\u00e1mara sencilla, los videos que luego sub\u00eda a sus redes sociales L\u00f3pez Obrador. Era su vocero y jefe de Prensa.<\/p>\n\n\n\n<p>En las giras por Veracruz pudimos ver a C\u00e9sar trabajando al lado del hoy jefe del Ejecutivo y no pocas veces salud\u00f3 a un amigo de muchos a\u00f1os: el fot\u00f3grafo Alberto Morales &#8220;Betogato&#8221;, quien junto con la legendaria Regina Mart\u00ednez cubrieron aquella marcha denominada &#8220;\u00c9xodo por la Democracia&#8221; que parti\u00f3 desde Tabasco hasta el entonces Distrito Federal, a principios de los a\u00f1os noventa.<\/p>\n\n\n\n<p>A Y\u00e1\u00f1ez Centeno ya pr\u00e1cticamente se le ve\u00eda como el pr\u00f3ximo coordinador de Comunicaci\u00f3n Social de la Presidencia de la Rep\u00fablica, una vez que L\u00f3pez Obrador ganara las elecciones.<\/p>\n\n\n\n<p>Pero a veces el estar enamorado, enamorada, &#8220;enemerede&#8221; nos hace cometer locuras y queremos celebrar a lo grande cuando decidimos unir nuestras existencias con quien creemos ser\u00e1 nuestra compa\u00f1era, compa\u00f1ero, &#8220;quempe\u00f1ere&#8221; de vida. Ese quiz\u00e1s fue el error de C\u00e9sar Y\u00e1\u00f1ez: el d\u00eda que estaba m\u00e1s feliz lo marc\u00f3 pol\u00edticamente.<\/p>\n\n\n\n<p>C\u00e9sar Y\u00e1\u00f1ez y su esposa se casaron el 3 de octubre de 2018, meses despu\u00e9s de que resultara ganador de la presidencia L\u00f3pez Obrador. El evento fue en Puebla y hasta vendieron la exclusiva de la boda a la revista \u201cHOLA\u201d, esas donde se supone s\u00f3lo aparece la sociedad fif\u00ed, los conservadores, la &#8220;\u00e9lite&#8221; social clasista y millonaria.<\/p>\n\n\n\n<p>Quiz\u00e1s fueran grillas internas o fue el propio L\u00f3pez Obrador quien estuvo en desacuerdo con el bodorrio suntuoso, pero desde ah\u00ed fue muy visible que C\u00e9sar Y\u00e1\u00f1ez fue relegado a una oficina en la Presidencia sin mayor peso ni influencia. Un cargo de bajo perfil s\u00f3lo para reconocerle el que estuvo cerca al Presidente: coordinador General de Pol\u00edtica y Gobierno.<\/p>\n\n\n\n<p>Durante casi cuatro a\u00f1os, C\u00e9sar Y\u00e1\u00f1ez estuvo fuera del foco del poder, congelado. Lo de la boda fue el ejemplo de que los excesos que tanto critican los actores de la Cuarta Transformaci\u00f3n, eran imperdonables de realizarse ahora que eran servidores p\u00fablicos y funcionarios.<\/p>\n\n\n\n<p>Otro ejemplo que le cost\u00f3 la renuncia, fue la del poderoso titular de la Unidad de Inteligencia Financiera, Santiago Nieto Castillo, por su boda fastuosa con la consejera del Instituto Nacional Electoral, Carla Humphrey. No obstante, a Santiago Nieto tambi\u00e9n lo &#8220;revivieron&#8221; pol\u00edticamente, pues ahora se sumar\u00e1 al equipo del gobernador electo de Tamaulipas, Am\u00e9rico Villareal.<\/p>\n\n\n\n<p>Pero la noticia que cimbr\u00f3 este mi\u00e9rcoles fue el regreso de C\u00e9sar Y\u00e1\u00f1ez Centeno a los escenarios pol\u00edticos grandes de Morena: fue nombrado como titular de la Subsecretar\u00eda de Desarrollo Democr\u00e1tico, Participaci\u00f3n Social y Asuntos Religiosos de la Secretar\u00eda de Gobernaci\u00f3n, en sustituci\u00f3n de Rabindranath Salazar.<\/p>\n\n\n\n<p>Es la misma secretar\u00eda donde despacha Ad\u00e1n Augusto L\u00f3pez Hern\u00e1ndez como secretario de Gobernaci\u00f3n, uno de los hombres m\u00e1s cercanos al presidente, quien lo considera su hermano. Es adem\u00e1s operador con una mayor capacidad a diferencia de su antecesora Olga S\u00e1nchez Cordero, pues el mismo L\u00f3pez Obrador ha reconocido en varias ocasiones que se apoya mucho en \u00e9l para diversos temas.<\/p>\n\n\n\n<p>Desde hace unos meses se ha manejado la versi\u00f3n de que Adan Augusto es el \u201ctapado\u201d de la Cuarta Transformaci\u00f3n rumbo a la Presidencia de la Rep\u00fablica; que AMLO, fiel amante de la historia, estar\u00eda buscando repetir lo realizado por el veracruzano (sayule\u00f1o) Miguel Alem\u00e1n Vald\u00e9s \u2014el primer presidente civil de los tiempos pol\u00edticos modernos\u2014 al dejar como sucesor a su paisano Adolfo Ruiz Cortines, uno de los presidentes m\u00e1s admirados por L\u00f3pez Obrador y considerado como uno de los m\u00e1s honestos y austeros en la historia de M\u00e9xico.<\/p>\n\n\n\n<p>Siendo AMLO el primer presidente tabasque\u00f1o y con una atenci\u00f3n especial para el sureste del pa\u00eds, tambi\u00e9n tendr\u00eda l\u00f3gica que buscar\u00eda tener un sucesor con la misma sensibilidad para la regi\u00f3n m\u00e1s rica, explotada y olvidada de M\u00e9xico, especialmente si se tienen que afianzar los magnos proyectos como el de la refiner\u00eda de Dos Bocas, el Tren Maya y el Corredor Interoce\u00e1nico, los cuales podr\u00e1 quiz\u00e1s inaugurar L\u00f3pez Obrador, pero ya no le tocar\u00e1 consolidarlos.<\/p>\n\n\n\n<p>Por eso la llegada de C\u00e9sar Y\u00e1\u00f1ez Centeno a la Secretar\u00eda de Gobernaci\u00f3n ya comenz\u00f3 a causar ruido entre la clase pol\u00edtica, pues no es poco vistoso que hombres claves, estrat\u00e9gicos y cercanos a AMLO trabajen juntos, y m\u00e1s si uno podr\u00eda llegar a ser candidato de Morena a la Presidencia de la Rep\u00fablica en 2024.<\/p>\n\n\n\n<p>Hay qu\u00e9 decirlo: hasta el momento los punteros en encuestas de Morena son el canciller Marcelo Ebrard, y la jefa de Gobierno, Claudia Sheinbaum; Ad\u00e1n Augusto apenas hace poco comenz\u00f3 a figurar, pero ya es un personaje que, al menos al interior de Morena, se considera como el aspirante de la decisi\u00f3n salom\u00f3nica con el visto bueno desde la Presidencia.<\/p>\n\n\n\n<p>Ya se ver\u00e1 qu\u00e9 papel y qu\u00e9 tanta actividad tendr\u00e1 C\u00e9sar Y\u00e1\u00f1ez en el futuro; si lograr\u00e1 tener un papel igual de activo como cuando viajaba por todo el pa\u00eds acompa\u00f1ando al aspirante L\u00f3pez Obrador o simplemente fue un enroque para sacarlo de una descongelada brutal en que lo ten\u00edan.<\/p>\n\n\n\n<p><strong>NOTA PARA PEGAR EN EL REFRI: <\/strong>Que la propuesta de \u201cUlito\u201d Moreno de armar a todas las familias mexicanas fue rechazada hasta por los mismos pri\u00edstas que se supone lidera, pues nadie en su sano juicio piensa (ah\u00ed est\u00e1 el ejemplo del \u201cgabacho\u201d) que la soluci\u00f3n a la violencia sea m\u00e1s violencia\u2026 Adem\u00e1s, en realidad lo que propone \u201cUlito\u201d no es nada novedoso, pues ya existe armamento autorizado por la Secretar\u00eda de la Defensa Nacional con calibres especiales para civiles para la autodefensa y tambi\u00e9n para fines deportivos, cuyos tr\u00e1mites se pueden hacer hasta en l\u00ednea\u2026 La realidad es que \u201cUlito\u201d s\u00f3lo busca hacer un ruido medi\u00e1tico, un esc\u00e1ndalo para hacerse notar y sobrevivir con una declaraci\u00f3n estridente; pareciera que uno de sus asesores vio el cap\u00edtulo de la serie \u201cThe Boys\u201d donde el Homelander se sincera y da a conocer al p\u00fablico sus pensamientos m\u00e1s alocados s\u00f3lo por obtener popularidad; nom\u00e1s que a diferencia del villano de ficci\u00f3n, \u201cUlito\u201d no es indestructible ni tiene \u201crashios lasher\u201d en los oclayos.<\/p>\n\n\n\n<p><strong>OTRA NOTA: <\/strong>Que seg\u00fan el C\u00f3nsul de M\u00e9xico en San Antonio, Rub\u00e9n Minutti, los presuntos 27 mexicanos que murieron en tr\u00e1iler abandonado en San Antonio, Texas, ser\u00edan originarios de ocho entidades del pa\u00eds: de Guanajuato, Estado de M\u00e9xico, Ciudad de M\u00e9xico, Veracruz, Zacatecas, Quer\u00e9taro, Morelos y Oaxaca. No obstante, el funcionario se\u00f1al\u00f3 que a\u00fan no tienen plenamente identificadas a las v\u00edctimas por lo que revelar los nombres demorar\u00e1 m\u00e1s d\u00edas.<\/p>\n\n\n\n<p><strong>OTRA NOTA EXTRA:<\/strong> No es por intrigar, pero ahora que ya regresaron los eventos festivos en grande como el SalsaFest y el Carnaval de Veracruz, \u00bfser\u00e1 que ya est\u00e1n organizando la Cumbre Taj\u00edn del 2023?\u2026 De entrada porque era sabido que antes toda la log\u00edstica se planeaba con un a\u00f1o de anticipaci\u00f3n, pero pues el festival ha venido de m\u00e1s a menos desde el bienio de Miguel \u00c1ngel Yunes Linares; luego el primero de la 4T estuvo chido, con la presencia de figurones como Pablo Milan\u00e9s, Molotov y la Maldita Vecindad, pero se atraves\u00f3 la pandemia y ya la \u00faltima presencial de plano parec\u00eda fiesta patronal de barrio\u2026 Lo anterior se comenta porque este mi\u00e9rcoles la prestigiada revista Billboard arm\u00f3 una lista sobre los 50 festivales de m\u00fasica m\u00e1s destacados del 2022 y en ella figuran el Vive Latino (lugar 40) y el Corona Capital Guadalajara (42) siendo Coachella y Glastonbury los que encabezan la lista\u2026 Chingao, todav\u00eda se recuerda cuando el Festival Cumbre Taj\u00edn era referente nacional e internacional por el cartel art\u00edstico; ojal\u00e1 se rescatara para las \u00faltimas dos ediciones que le quedan al actual gobierno.<\/p>\n\n\n\n<p><strong>LA \u00daLTIMA PORQUE YA ESTOY PICADO CON LA DE \u201cBETTER CALL SAUL\u201d: <\/strong>Que el Congreso del Estado finalmente llam\u00f3 a Enrique Cruz Canseco para tomarle la protesta como presidente municipal de Jes\u00fas Carranza, municipio que se encontraba ac\u00e9falo luego de que fuese detenido el candidato ganador del Partido del Trabajo, Pasiano Rueda Canseco, por lo que est\u00e1 imposibilitado materialmente de asumir el cargo, al encontrarse actualmente vinculado a proceso penal y privado de su libertad.<\/p>\n","protected":false},"excerpt":{"rendered":"<p>ColumnaSinNombre@pablojair \u201cUlito\u201d s\u00f3lo quiere hacer ruido medi\u00e1tico con lo de las armas. Veracruzanos, entre los muertos de la tragedia de San Antonio. \u00bfYa est\u00e1n organizando la pr\u00f3xima Cumbre Taj\u00edn? Llaman a tomar protesta al suplente de Jes\u00fas Carranza. Parece que no ser\u00e1 Eva.Ad\u00e1n ser\u00e1 la manzana de la discordia en el para\u00edso\u2026\u00bfy el C\u00e9sar? A [&hellip;]<\/p>\n","protected":false},"author":1,"featured_media":488,"comment_status":"open","ping_status":"open","sticky":false,"template":"","format":"standard","meta":{"_jetpack_memberships_contains_paid_content":false,"footnotes":""},"categories":[11],"tags":[],"class_list":["post-28911","post","type-post","status-publish","format-standard","has-post-thumbnail","hentry","category-opinion"],"jetpack_featured_media_url":"https:\/\/encuentroinformativo.com.mx\/wp-content\/uploads\/2020\/03\/F471F608-BA1A-416B-BA7B-BCFB24F4E6D0.jpeg","jetpack_sharing_enabled":true,"jetpack_likes_enabled":true,"amp_enabled":true,"_links":{"self":[{"href":"https:\/\/encuentroinformativo.com.mx\/index.php?rest_route=\/wp\/v2\/posts\/28911","targetHints":{"allow":["GET"]}}],"collection":[{"href":"https:\/\/encuentroinformativo.com.mx\/index.php?rest_route=\/wp\/v2\/posts"}],"about":[{"href":"https:\/\/encuentroinformativo.com.mx\/index.php?rest_route=\/wp\/v2\/types\/post"}],"author":[{"embeddable":true,"href":"https:\/\/encuentroinformativo.com.mx\/index.php?rest_route=\/wp\/v2\/users\/1"}],"replies":[{"embeddable":true,"href":"https:\/\/encuentroinformativo.com.mx\/index.php?rest_route=%2Fwp%2Fv2%2Fcomments&post=28911"}],"version-history":[{"count":1,"href":"https:\/\/encuentroinformativo.com.mx\/index.php?rest_route=\/wp\/v2\/posts\/28911\/revisions"}],"predecessor-version":[{"id":28912,"href":"https:\/\/encuentroinformativo.com.mx\/index.php?rest_route=\/wp\/v2\/posts\/28911\/revisions\/28912"}],"wp:featuredmedia":[{"embeddable":true,"href":"https:\/\/encuentroinformativo.com.mx\/index.php?rest_route=\/wp\/v2\/media\/488"}],"wp:attachment":[{"href":"https:\/\/encuentroinformativo.com.mx\/index.php?rest_route=%2Fwp%2Fv2%2Fmedia&parent=28911"}],"wp:term":[{"taxonomy":"category","embeddable":true,"href":"https:\/\/encuentroinformativo.com.mx\/index.php?rest_route=%2Fwp%2Fv2%2Fcategories&post=28911"},{"taxonomy":"post_tag","embeddable":true,"href":"https:\/\/encuentroinformativo.com.mx\/index.php?rest_route=%2Fwp%2Fv2%2Ftags&post=28911"}],"curies":[{"name":"wp","href":"https:\/\/api.w.org\/{rel}","templated":true}]}}