{"id":28913,"date":"2022-06-30T09:50:02","date_gmt":"2022-06-30T14:50:02","guid":{"rendered":"https:\/\/encuentroinformativo.com.mx\/?p=28913"},"modified":"2022-06-30T09:50:05","modified_gmt":"2022-06-30T14:50:05","slug":"medellin-quiere-crear-corredor-de-desarrollo-agroindustrial","status":"publish","type":"post","link":"https:\/\/encuentroinformativo.com.mx\/?p=28913","title":{"rendered":"Medell\u00edn quiere crear Corredor de Desarrollo Agroindustrial"},"content":{"rendered":"\n<p><strong>Alejandro \u00c1vila<\/strong><\/p>\n\n\n\n<p>Medell\u00edn de Bravo, Ver.- Debido a la intenci\u00f3n que se tiene de crear un Corredor de Desarrollo agroindustrial en el municipio de Medell\u00edn de Bravo, el alcalde Marcos Isle\u00f1o Andrade, realiz\u00f3 el primer Foro de Innovaci\u00f3n Agroindustrial, donde particip\u00f3 la delegaci\u00f3n de Canacintra Veracruz.<\/p>\n\n\n\n<p>La intenci\u00f3n, se dijo, es conseguir un nicho de desarrollo econ\u00f3mico en el municipio, por lo que dicho foro fue dirigido a los productores locales y empresarios de la regi\u00f3n, adem\u00e1s, se busca que los grandes inversionistas inviertan en Medell\u00edn y lo visualicen como el nicho ideal de desarrollo para sus empresas.<\/p>\n\n\n\n<p>La finalidad de los foros es conformar un frente com\u00fan entre autoridades locales y empresarios para concretar la instalaci\u00f3n de un corredor industrial en donde se generen empleos para, en consecuencia, reactivar la econom\u00eda del municipio.<\/p>\n\n\n\n<p>V\u00edctor Rodr\u00edguez, Director de Desarrollo Rural Sustentable de Medell\u00edn, asever\u00f3 que es necesario invitar especialistas en diversos ramos para que los productores locales se capaciten y en conjunto se logre la proyecci\u00f3n del municipio.<\/p>\n\n\n\n<p>\u201cVamos&nbsp; a aprender qu\u00e9 es lo que est\u00e1n haciendo en&nbsp; otros estados para nosotros poder&nbsp; mejorar nuestra producci\u00f3n. Queremos proyectar a Medell\u00edn como un nicho de desarrollo, tenemos todo lo necesario para lograrlo\u201d, coment\u00f3.<\/p>\n\n\n\n<p>En su intervenci\u00f3n, el Presidente de la CANACINTRA en Veracruz, Jos\u00e9 Antonio Campa P\u00e9rez, subray\u00f3 la importancia de estos foros, toda vez que son una herramienta importante para los productores medellinenses.&nbsp;<\/p>\n","protected":false},"excerpt":{"rendered":"<p>Alejandro \u00c1vila Medell\u00edn de Bravo, Ver.- Debido a la intenci\u00f3n que se tiene de crear un Corredor de Desarrollo agroindustrial en el municipio de Medell\u00edn de Bravo, el alcalde Marcos Isle\u00f1o Andrade, realiz\u00f3 el primer Foro de Innovaci\u00f3n Agroindustrial, donde particip\u00f3 la delegaci\u00f3n de Canacintra Veracruz. La intenci\u00f3n, se dijo, es conseguir un nicho de [&hellip;]<\/p>\n","protected":false},"author":1,"featured_media":28914,"comment_status":"open","ping_status":"open","sticky":false,"template":"","format":"standard","meta":{"_jetpack_memberships_contains_paid_content":false,"footnotes":""},"categories":[2],"tags":[],"class_list":["post-28913","post","type-post","status-publish","format-standard","has-post-thumbnail","hentry","category-estado"],"jetpack_featured_media_url":"https:\/\/encuentroinformativo.com.mx\/wp-content\/uploads\/2022\/06\/932C66E1-90E3-4DAA-9369-86A6CE48B8DB.jpeg","jetpack_sharing_enabled":true,"jetpack_likes_enabled":true,"amp_enabled":true,"_links":{"self":[{"href":"https:\/\/encuentroinformativo.com.mx\/index.php?rest_route=\/wp\/v2\/posts\/28913","targetHints":{"allow":["GET"]}}],"collection":[{"href":"https:\/\/encuentroinformativo.com.mx\/index.php?rest_route=\/wp\/v2\/posts"}],"about":[{"href":"https:\/\/encuentroinformativo.com.mx\/index.php?rest_route=\/wp\/v2\/types\/post"}],"author":[{"embeddable":true,"href":"https:\/\/encuentroinformativo.com.mx\/index.php?rest_route=\/wp\/v2\/users\/1"}],"replies":[{"embeddable":true,"href":"https:\/\/encuentroinformativo.com.mx\/index.php?rest_route=%2Fwp%2Fv2%2Fcomments&post=28913"}],"version-history":[{"count":1,"href":"https:\/\/encuentroinformativo.com.mx\/index.php?rest_route=\/wp\/v2\/posts\/28913\/revisions"}],"predecessor-version":[{"id":28915,"href":"https:\/\/encuentroinformativo.com.mx\/index.php?rest_route=\/wp\/v2\/posts\/28913\/revisions\/28915"}],"wp:featuredmedia":[{"embeddable":true,"href":"https:\/\/encuentroinformativo.com.mx\/index.php?rest_route=\/wp\/v2\/media\/28914"}],"wp:attachment":[{"href":"https:\/\/encuentroinformativo.com.mx\/index.php?rest_route=%2Fwp%2Fv2%2Fmedia&parent=28913"}],"wp:term":[{"taxonomy":"category","embeddable":true,"href":"https:\/\/encuentroinformativo.com.mx\/index.php?rest_route=%2Fwp%2Fv2%2Fcategories&post=28913"},{"taxonomy":"post_tag","embeddable":true,"href":"https:\/\/encuentroinformativo.com.mx\/index.php?rest_route=%2Fwp%2Fv2%2Ftags&post=28913"}],"curies":[{"name":"wp","href":"https:\/\/api.w.org\/{rel}","templated":true}]}}