{"id":28916,"date":"2022-06-30T10:11:03","date_gmt":"2022-06-30T15:11:03","guid":{"rendered":"https:\/\/encuentroinformativo.com.mx\/?p=28916"},"modified":"2022-06-30T10:11:05","modified_gmt":"2022-06-30T15:11:05","slug":"la-secretaria-de-eleazar","status":"publish","type":"post","link":"https:\/\/encuentroinformativo.com.mx\/?p=28916","title":{"rendered":"La secretaria de Eleazar"},"content":{"rendered":"\n<p><strong>Los Pol\u00edticos<\/strong><\/p>\n\n\n\n<p><strong>Salvador Mu\u00f1oz<\/strong><\/p>\n\n\n\n<p>La se\u00f1ora no tiene nombre, pero tuvo muchos ojos, muchos ojos encima\u2026 este pasado martes, algunos de esos ojos la identificaron y ya no la dejaron pasar.<\/p>\n\n\n\n<p>F\u00e1cil ha de tener m\u00e1s de sesenta a\u00f1os encima, que pesan menos que la desesperaci\u00f3n que la llev\u00f3 el pasado fin de semana a quitarse la blusa y su sost\u00e9n mientras los colores golpeaban su rostro por la verg\u00fcenza que s\u00f3lo se contuvo un poco con una pancarta sobre su torso\u2026<\/p>\n\n\n\n<p>Pero, \u00bfqu\u00e9 motiva a una mujer de cabellos canos a tragarse su pudor ante la mirada de decenas de personas que acud\u00edan al m\u00f3dulo instalado en Sefiplan para el canje de placas?<\/p>\n\n\n\n<p>Los testigos que nos muestran el video, hablan de que la se\u00f1ora sufri\u00f3 en uno de los tantos recientes aguaceros que han azotado la capital del Estado, la inundaci\u00f3n de su casa, y por ende, varias p\u00e9rdidas de sus enseres dom\u00e9sticos, de sus muebles, lo que fue ocupado ahora por la incertidumbre y zozobra de no saber qu\u00e9 hacer.<\/p>\n\n\n\n<p>Ella acudi\u00f3 a Palacio de Gobierno a pedir ayuda, pero de all\u00e1, alguien le dijo que buscara a Eleazar Guerrero, cabeza de Unidos Todos\u2026 \u00bfen d\u00f3nde? Lo m\u00e1s f\u00e1cil: En Sefiplan.<\/p>\n\n\n\n<p>Todo indica que otra persona, una vez que estuvo en Sefiplan, la canaliz\u00f3 a su vez con Natalia Saavedra\u2026 y hasta ah\u00ed.<\/p>\n\n\n\n<p>Nada se sabe de lo que habl\u00f3 la se\u00f1ora y tambi\u00e9n de lo que le hayan prometido de ayuda\u2026 hasta la semana pasada, el 24 de junio, cuando esta se\u00f1ora sin nombre lleg\u00f3 con una pancarta a Sefiplan, entr\u00f3 a las instalaciones, y empez\u00f3 a protestar con las siguientes palabras plasmadas en esa cartulina:<\/p>\n\n\n\n<p>\u201cSr. Eleazar Guerrero. Esto es en honor a su secretaria Natalia Savedra (sic)\u201d.<\/p>\n\n\n\n<p>No hubo nadie de la secretar\u00eda que atendiera el reclamo de la se\u00f1ora, ya fuera por empat\u00eda, por atenci\u00f3n, por verg\u00fcenza.<\/p>\n\n\n\n<p>La se\u00f1ora de cabello cano, cuya identidad se desconoce, se refer\u00eda a Natalia Hern\u00e1ndez Saavedra, de quien se sabe, es la secretaria particular del Subsecretario de Finanzas y Administraci\u00f3n, Eleazar Guerrero.<\/p>\n\n\n\n<p>De acuerdo a la experiencia profesional que ostenta Natalia Hern\u00e1ndez, fue auxiliar en la Unidad Administrativa de Seguridad P\u00fablica y tambi\u00e9n en la Unidad de G\u00e9nero; igual se cita que fue Analista en la Direcci\u00f3n Jur\u00eddica de 2006 a 2010 en el Departamento de Derechos Humanos; as\u00ed como Jefa del Departamento de Estudios Legislativos. En la Contralor\u00eda General del Estado fue subdirectora de Desarrollo Humano y Jefa de Departamento de Estudios Socioecon\u00f3micos y de Viabilidad Social.<\/p>\n\n\n\n<p>Este martes, de acuerdo a los testigos, a esa se\u00f1ora que el pasado 24 de junio pidiendo atenci\u00f3n, se despoj\u00f3 de sus ropas para dejar su torso desnudo, ya no la dejaron pasar\u2026<\/p>\n\n\n\n<p>Su caso queda en el anecdotario con las consiguientes dudas:<\/p>\n\n\n\n<p>\u00bfQu\u00e9 hizo Natalia Hern\u00e1ndez Saavedra para orillar a una anciana a semidesnudarse y reclamar a Eleazar Guerrero? \u00bfindiferencia? \u00bffalta de empat\u00eda? \u00bfausencia de atenci\u00f3n? \u00bfalguna palabra no cumplida por parte de quien es la secretaria particular de Eleazar Guerrero, subsecretario de Finanzas y cabeza de la agrupaci\u00f3n Unidos Todos?&nbsp;<\/p>\n\n\n\n<p><a href=\"mailto:smcainito@gmail.com\" target=\"_blank\" rel=\"noreferrer noopener\">smcainito@gmail.com<\/a><\/p>\n","protected":false},"excerpt":{"rendered":"<p>Los Pol\u00edticos Salvador Mu\u00f1oz La se\u00f1ora no tiene nombre, pero tuvo muchos ojos, muchos ojos encima\u2026 este pasado martes, algunos de esos ojos la identificaron y ya no la dejaron pasar. F\u00e1cil ha de tener m\u00e1s de sesenta a\u00f1os encima, que pesan menos que la desesperaci\u00f3n que la llev\u00f3 el pasado fin de semana a [&hellip;]<\/p>\n","protected":false},"author":1,"featured_media":387,"comment_status":"open","ping_status":"open","sticky":false,"template":"","format":"standard","meta":{"_jetpack_memberships_contains_paid_content":false,"footnotes":""},"categories":[11],"tags":[],"class_list":["post-28916","post","type-post","status-publish","format-standard","has-post-thumbnail","hentry","category-opinion"],"jetpack_featured_media_url":"https:\/\/encuentroinformativo.com.mx\/wp-content\/uploads\/2020\/03\/7CF8A22B-2764-47BE-8F7F-38FE9E5D6A2F.jpeg","jetpack_sharing_enabled":true,"jetpack_likes_enabled":true,"amp_enabled":true,"_links":{"self":[{"href":"https:\/\/encuentroinformativo.com.mx\/index.php?rest_route=\/wp\/v2\/posts\/28916","targetHints":{"allow":["GET"]}}],"collection":[{"href":"https:\/\/encuentroinformativo.com.mx\/index.php?rest_route=\/wp\/v2\/posts"}],"about":[{"href":"https:\/\/encuentroinformativo.com.mx\/index.php?rest_route=\/wp\/v2\/types\/post"}],"author":[{"embeddable":true,"href":"https:\/\/encuentroinformativo.com.mx\/index.php?rest_route=\/wp\/v2\/users\/1"}],"replies":[{"embeddable":true,"href":"https:\/\/encuentroinformativo.com.mx\/index.php?rest_route=%2Fwp%2Fv2%2Fcomments&post=28916"}],"version-history":[{"count":1,"href":"https:\/\/encuentroinformativo.com.mx\/index.php?rest_route=\/wp\/v2\/posts\/28916\/revisions"}],"predecessor-version":[{"id":28917,"href":"https:\/\/encuentroinformativo.com.mx\/index.php?rest_route=\/wp\/v2\/posts\/28916\/revisions\/28917"}],"wp:featuredmedia":[{"embeddable":true,"href":"https:\/\/encuentroinformativo.com.mx\/index.php?rest_route=\/wp\/v2\/media\/387"}],"wp:attachment":[{"href":"https:\/\/encuentroinformativo.com.mx\/index.php?rest_route=%2Fwp%2Fv2%2Fmedia&parent=28916"}],"wp:term":[{"taxonomy":"category","embeddable":true,"href":"https:\/\/encuentroinformativo.com.mx\/index.php?rest_route=%2Fwp%2Fv2%2Fcategories&post=28916"},{"taxonomy":"post_tag","embeddable":true,"href":"https:\/\/encuentroinformativo.com.mx\/index.php?rest_route=%2Fwp%2Fv2%2Ftags&post=28916"}],"curies":[{"name":"wp","href":"https:\/\/api.w.org\/{rel}","templated":true}]}}