{"id":28918,"date":"2022-06-30T12:00:43","date_gmt":"2022-06-30T17:00:43","guid":{"rendered":"https:\/\/encuentroinformativo.com.mx\/?p=28918"},"modified":"2022-06-30T12:00:47","modified_gmt":"2022-06-30T17:00:47","slug":"desconoce-registro-civil-bodas-colectivas-de-la-comunidad-lgbtttiq","status":"publish","type":"post","link":"https:\/\/encuentroinformativo.com.mx\/?p=28918","title":{"rendered":"Desconoce Registro Civil bodas colectivas de la comunidad LGBTTTIQ"},"content":{"rendered":"\n<p><strong>Dar\u00edo Pale<\/strong> <\/p>\n\n\n\n<p>Xalapa, Ver.- Hasta el momento la comunidad LGBTTTIQ no ha solicitado de manera oficial que se hagan bodas colectivas, por lo que ve dif\u00edcil que antes de que concluya el a\u00f1o se realice este tipo de eventos, as\u00ed lo dio a conocer el oficial mayor del Registro Civil de Xalapa, Jos\u00e9 Luis Mart\u00ednez Corona.<\/p>\n\n\n\n<p>En entrevista se\u00f1al\u00f3 que se enter\u00f3 de la realizaci\u00f3n de este evento que est\u00e1n anunciando mediante redes sociales sobre la realizaci\u00f3n de un evento de bodas colectivas de cien parejas por parte de un organizador de bodas, que a decir de ellos se realizar\u00edan el 23 de julio.<\/p>\n\n\n\n<p>Afirm\u00f3 que ante la autoridad no se ha solicitado hacer los tr\u00e1mites correspondientes y es que, explic\u00f3, quien autoriza las bodas colectivas es el Estado a trav\u00e9s de la Secretar\u00eda de Gobierno.<\/p>\n\n\n\n<p>&#8220;Con Registro Civil no ha platicado nadie de la comunidad LGBTTTIQ, tengo entendido que hubo un acercamiento con el regidor d\u00e9cimo tercero que es el que tiene la comisi\u00f3n de Registro Civil&#8221;, se\u00f1al\u00f3.<\/p>\n\n\n\n<p>&#8220;Y parece ser que ya pidieron una audiencia con el alcalde Ricardo Ahued, pero hasta este momento nadie de ellos se ha comunicado para expresarnos la solicitud de la comunidad LGBTTTIQ&#8221;, agreg\u00f3.<\/p>\n\n\n\n<p>Explic\u00f3 que para que el Registro Civil de Xalapa pueda llevar a cabo bodas colectivas es necesario contar con la autorizaci\u00f3n del Estado, ya que es de esa manera como se emite la convocatoria para las bodas colectivas.<\/p>\n\n\n\n<p>&#8220;No hay petici\u00f3n formal de la comunidad LGBTTTIQ, ni ninguna instrucci\u00f3n de la superioridad para que se lleven a cabo. Yo lo veo un poco complicado (que se lleven a cabo las bodas colectivas), porque uno, acabamos de pasar un evento de bodas colectivas con una campa\u00f1a que dur\u00f3 cuatro meses, fue de enero a mayo y se beneficiaron 300 familias&#8221;, coment\u00f3.<\/p>\n\n\n\n<p>El Funcionario record\u00f3 que las bodas colectivas se celebran una vez cada a\u00f1o, por lo tanto corresponder\u00eda la siguiente en el mes de febrero de 2023.<\/p>\n\n\n\n<p>&#8220;Yo veo dif\u00edcil que nos autoricen a hacer otras antes de esa fecha, segundo, el criterio compartido es que aprobar los matrimonios igualitarios, era la integraci\u00f3n y no seguir separando, entonces, realizar bodas de la comunidad LGBTTTIQ y, por otro lado, bodas de parejas heterosexuales, siento que seguir\u00eda marcando la brecha de la desigualdad, que es lo que se pretende&#8221;, subray\u00f3.<\/p>\n\n\n\n<p>Agreg\u00f3 que de todas maneras estar\u00e1n atentos a las indicaciones de las autoridades, porque adem\u00e1s no es un tema que tenga que ver con alguna discriminaci\u00f3n o prohibici\u00f3n.<\/p>\n\n\n\n<p>Finalmente, adelant\u00f3 que este viernes se llevar\u00e1 a cabo una boda m\u00e1s entre parejas del mismo sexo, por lo que se cerrar\u00e1 el mes con tres parejas casadas tras la reforma al C\u00f3digo Civil.<\/p>\n","protected":false},"excerpt":{"rendered":"<p>Dar\u00edo Pale Xalapa, Ver.- Hasta el momento la comunidad LGBTTTIQ no ha solicitado de manera oficial que se hagan bodas colectivas, por lo que ve dif\u00edcil que antes de que concluya el a\u00f1o se realice este tipo de eventos, as\u00ed lo dio a conocer el oficial mayor del Registro Civil de Xalapa, Jos\u00e9 Luis Mart\u00ednez [&hellip;]<\/p>\n","protected":false},"author":1,"featured_media":28919,"comment_status":"open","ping_status":"open","sticky":false,"template":"","format":"standard","meta":{"_jetpack_memberships_contains_paid_content":false,"footnotes":""},"categories":[3],"tags":[],"class_list":["post-28918","post","type-post","status-publish","format-standard","has-post-thumbnail","hentry","category-xalapa"],"jetpack_featured_media_url":"https:\/\/encuentroinformativo.com.mx\/wp-content\/uploads\/2022\/06\/6505297A-2BE6-4846-B69C-CDA9512D6722.jpeg","jetpack_sharing_enabled":true,"jetpack_likes_enabled":true,"amp_enabled":true,"_links":{"self":[{"href":"https:\/\/encuentroinformativo.com.mx\/index.php?rest_route=\/wp\/v2\/posts\/28918","targetHints":{"allow":["GET"]}}],"collection":[{"href":"https:\/\/encuentroinformativo.com.mx\/index.php?rest_route=\/wp\/v2\/posts"}],"about":[{"href":"https:\/\/encuentroinformativo.com.mx\/index.php?rest_route=\/wp\/v2\/types\/post"}],"author":[{"embeddable":true,"href":"https:\/\/encuentroinformativo.com.mx\/index.php?rest_route=\/wp\/v2\/users\/1"}],"replies":[{"embeddable":true,"href":"https:\/\/encuentroinformativo.com.mx\/index.php?rest_route=%2Fwp%2Fv2%2Fcomments&post=28918"}],"version-history":[{"count":1,"href":"https:\/\/encuentroinformativo.com.mx\/index.php?rest_route=\/wp\/v2\/posts\/28918\/revisions"}],"predecessor-version":[{"id":28920,"href":"https:\/\/encuentroinformativo.com.mx\/index.php?rest_route=\/wp\/v2\/posts\/28918\/revisions\/28920"}],"wp:featuredmedia":[{"embeddable":true,"href":"https:\/\/encuentroinformativo.com.mx\/index.php?rest_route=\/wp\/v2\/media\/28919"}],"wp:attachment":[{"href":"https:\/\/encuentroinformativo.com.mx\/index.php?rest_route=%2Fwp%2Fv2%2Fmedia&parent=28918"}],"wp:term":[{"taxonomy":"category","embeddable":true,"href":"https:\/\/encuentroinformativo.com.mx\/index.php?rest_route=%2Fwp%2Fv2%2Fcategories&post=28918"},{"taxonomy":"post_tag","embeddable":true,"href":"https:\/\/encuentroinformativo.com.mx\/index.php?rest_route=%2Fwp%2Fv2%2Ftags&post=28918"}],"curies":[{"name":"wp","href":"https:\/\/api.w.org\/{rel}","templated":true}]}}