{"id":28928,"date":"2022-06-30T12:53:13","date_gmt":"2022-06-30T17:53:13","guid":{"rendered":"https:\/\/encuentroinformativo.com.mx\/?p=28928"},"modified":"2022-06-30T12:53:16","modified_gmt":"2022-06-30T17:53:16","slug":"transportistas-piden-a-diputados-homologar-ley-de-movilidad","status":"publish","type":"post","link":"https:\/\/encuentroinformativo.com.mx\/?p=28928","title":{"rendered":"Transportistas piden a diputados homologar Ley de Movilidad"},"content":{"rendered":"\n<p><strong>Dar\u00edo Pale<\/strong><\/p>\n\n\n\n<p>Xalapa, Ver.- Tom\u00e1s Mar\u00edn Arellano, secretario ejecutivo de la Federaci\u00f3n Veracruzana de Transportistas hizo un llamado a los diputados locales a homologar la Ley Federal de Movilidad y Seguridad Vial, con la finalidad de que en Veracruz la movilidad y la seguridad vial sean derechos humanos.<\/p>\n\n\n\n<p>En conferencia de prensa, dio a conocer que la Federaci\u00f3n propuso una adici\u00f3n al \u00faltimo p\u00e1rrafo del art\u00edculo 4to de la Constituci\u00f3n, con el objeto de que la movilidad y la seguridad vial sean considerados como derechos humanos en la Constituci\u00f3n local.<\/p>\n\n\n\n<p>Record\u00f3 que en mayo pasado fue aprobada la Ley General de Movilidad y Seguridad Vial, aunque todav\u00eda hace falta que se emita el reglamento respectivo del nuevo ordenamiento, por lo que consider\u00f3 que Veracruz necesita ir aparejado a dicha ley y en ese sentido, record\u00f3 que la Federaci\u00f3n solicit\u00f3 la adici\u00f3n al art\u00edculo 4to.<\/p>\n\n\n\n<p>&#8220;Hace falta darle armon\u00eda a las leyes de tr\u00e1nsito y transporte. Falta hacer un an\u00e1lisis a conciencia, hace falta que las leyes del Estado tengan considerados conceptos humanitarios, de derechos humanos&#8221;, se\u00f1al\u00f3.<\/p>\n\n\n\n<p>&#8220;Veracruz lleva un atraso significativo en esta materia de tr\u00e1nsito y transporte. Vemos que varios estados de la Rep\u00fablica ya cuentan con su Ley de Movilidad, como Quintana Roo, Puebla, Oaxaca y han tenido resultados favorables&#8221;, agreg\u00f3.<\/p>\n\n\n\n<p>Uno de los beneficios de la nueva ley es que los transportistas dejar\u00edan de depender de la Secretar\u00eda de Seguridad P\u00fablica, por lo que se tendr\u00eda que dar pie a la creaci\u00f3n de una Secretar\u00eda de Movilidad y Seguridad Vial.<\/p>\n\n\n\n<p>A\u00f1adi\u00f3 que adem\u00e1s se deber\u00edan desprender direcciones municipales de Movilidad y Seguridad Vial, toda vez que el art\u00edculo 115 Constitucional faculta a los presidentes municipales a realizar planes de vialidad.<\/p>\n\n\n\n<p>Finalmente dijo que por ejemplo, Xalapa se ve colapsada por el transporte que hace ascenso y descenso en cualquier lugar, lo cual se tiene que terminar, de la misma manera que los \u00a0comerciantes que sacan sus productos a vender a la calle y obstaculizan la vialidad.<\/p>\n","protected":false},"excerpt":{"rendered":"<p>Dar\u00edo Pale Xalapa, Ver.- Tom\u00e1s Mar\u00edn Arellano, secretario ejecutivo de la Federaci\u00f3n Veracruzana de Transportistas hizo un llamado a los diputados locales a homologar la Ley Federal de Movilidad y Seguridad Vial, con la finalidad de que en Veracruz la movilidad y la seguridad vial sean derechos humanos. En conferencia de prensa, dio a conocer [&hellip;]<\/p>\n","protected":false},"author":1,"featured_media":28929,"comment_status":"open","ping_status":"open","sticky":false,"template":"","format":"standard","meta":{"_jetpack_memberships_contains_paid_content":false,"footnotes":""},"categories":[2],"tags":[],"class_list":["post-28928","post","type-post","status-publish","format-standard","has-post-thumbnail","hentry","category-estado"],"jetpack_featured_media_url":"https:\/\/encuentroinformativo.com.mx\/wp-content\/uploads\/2022\/06\/66447FC1-7405-4A6A-B515-206C2916E0D2.jpeg","jetpack_sharing_enabled":true,"jetpack_likes_enabled":true,"amp_enabled":true,"_links":{"self":[{"href":"https:\/\/encuentroinformativo.com.mx\/index.php?rest_route=\/wp\/v2\/posts\/28928","targetHints":{"allow":["GET"]}}],"collection":[{"href":"https:\/\/encuentroinformativo.com.mx\/index.php?rest_route=\/wp\/v2\/posts"}],"about":[{"href":"https:\/\/encuentroinformativo.com.mx\/index.php?rest_route=\/wp\/v2\/types\/post"}],"author":[{"embeddable":true,"href":"https:\/\/encuentroinformativo.com.mx\/index.php?rest_route=\/wp\/v2\/users\/1"}],"replies":[{"embeddable":true,"href":"https:\/\/encuentroinformativo.com.mx\/index.php?rest_route=%2Fwp%2Fv2%2Fcomments&post=28928"}],"version-history":[{"count":1,"href":"https:\/\/encuentroinformativo.com.mx\/index.php?rest_route=\/wp\/v2\/posts\/28928\/revisions"}],"predecessor-version":[{"id":28930,"href":"https:\/\/encuentroinformativo.com.mx\/index.php?rest_route=\/wp\/v2\/posts\/28928\/revisions\/28930"}],"wp:featuredmedia":[{"embeddable":true,"href":"https:\/\/encuentroinformativo.com.mx\/index.php?rest_route=\/wp\/v2\/media\/28929"}],"wp:attachment":[{"href":"https:\/\/encuentroinformativo.com.mx\/index.php?rest_route=%2Fwp%2Fv2%2Fmedia&parent=28928"}],"wp:term":[{"taxonomy":"category","embeddable":true,"href":"https:\/\/encuentroinformativo.com.mx\/index.php?rest_route=%2Fwp%2Fv2%2Fcategories&post=28928"},{"taxonomy":"post_tag","embeddable":true,"href":"https:\/\/encuentroinformativo.com.mx\/index.php?rest_route=%2Fwp%2Fv2%2Ftags&post=28928"}],"curies":[{"name":"wp","href":"https:\/\/api.w.org\/{rel}","templated":true}]}}