{"id":28935,"date":"2022-06-30T13:11:35","date_gmt":"2022-06-30T18:11:35","guid":{"rendered":"https:\/\/encuentroinformativo.com.mx\/?p=28935"},"modified":"2022-06-30T13:11:39","modified_gmt":"2022-06-30T18:11:39","slug":"por-casos-de-covid-sigue-suspension-de-clases-en-escuelas","status":"publish","type":"post","link":"https:\/\/encuentroinformativo.com.mx\/?p=28935","title":{"rendered":"Por casos de Covid, sigue suspensi\u00f3n de clases en escuelas"},"content":{"rendered":"\n<p><strong>Juan Arcos <\/strong><\/p>\n\n\n\n<p>Xalapa, Ver.- Escuelas del estado de Veracruz suspendieron clases presenciales durante toda esta semana por contagios de Sars-Cov2 (Covid-19) entre los estudiantes y los docentes.<\/p>\n\n\n\n<p>Esto ocurri\u00f3 en las primarias \u201cEnrique C. Rebsamen\u201d y \u201cJuan de la Luz Enr\u00edquez\u201d, ubicadas en la ciudad de Xalapa, as\u00ed como tambi\u00e9n, en diferentes escuelas de la entidad.<\/p>\n\n\n\n<p>Tambi\u00e9n se han dado contagios en las secundarias general n\u00famero 7, general n\u00famero 2 y en la t\u00e9cnica industrial n\u00famero 3, localizadas en la capital del estado.<\/p>\n\n\n\n<p>Profesores denunciaron, de manera an\u00f3nima por temor a represalias, que las autoridades educativas est\u00e1n ocultando los casos positivos que se han registrado en distintos planteles.<\/p>\n\n\n\n<p>\u201cLos directores de las escuelas, por alinearse al sistema, no reportan la suspensi\u00f3n de clases presenciales a las autoridades educativas y eso no est\u00e1 bien\u201d, expresaron.<\/p>\n\n\n\n<p>Los docentes consideraron que es de suma importancia informar a la poblaci\u00f3n sobre los casos positivos a Covid-19 detectados en los planteles, con el prop\u00f3sito de prevenir la propagaci\u00f3n de la enfermedad.<\/p>\n\n\n\n<p>Tambi\u00e9n criticaron que autoridades de la Secretar\u00eda de Educaci\u00f3n de Veracruz (SEV) hayan revelado que s\u00f3lo cinco escuelas de un total de 24 mil han reportado contagios y, por ende, no se adelantar\u00e1 el fin del ciclo escolar programado para el pr\u00f3ximo 28 de julio.<\/p>\n","protected":false},"excerpt":{"rendered":"<p>Juan Arcos Xalapa, Ver.- Escuelas del estado de Veracruz suspendieron clases presenciales durante toda esta semana por contagios de Sars-Cov2 (Covid-19) entre los estudiantes y los docentes. Esto ocurri\u00f3 en las primarias \u201cEnrique C. Rebsamen\u201d y \u201cJuan de la Luz Enr\u00edquez\u201d, ubicadas en la ciudad de Xalapa, as\u00ed como tambi\u00e9n, en diferentes escuelas de la [&hellip;]<\/p>\n","protected":false},"author":1,"featured_media":28936,"comment_status":"open","ping_status":"open","sticky":false,"template":"","format":"standard","meta":{"_jetpack_memberships_contains_paid_content":false,"footnotes":""},"categories":[9],"tags":[],"class_list":["post-28935","post","type-post","status-publish","format-standard","has-post-thumbnail","hentry","category-salud"],"jetpack_featured_media_url":"https:\/\/encuentroinformativo.com.mx\/wp-content\/uploads\/2022\/06\/56E779A4-9646-4190-88F4-F66195235E77.jpeg","jetpack_sharing_enabled":true,"jetpack_likes_enabled":true,"amp_enabled":true,"_links":{"self":[{"href":"https:\/\/encuentroinformativo.com.mx\/index.php?rest_route=\/wp\/v2\/posts\/28935","targetHints":{"allow":["GET"]}}],"collection":[{"href":"https:\/\/encuentroinformativo.com.mx\/index.php?rest_route=\/wp\/v2\/posts"}],"about":[{"href":"https:\/\/encuentroinformativo.com.mx\/index.php?rest_route=\/wp\/v2\/types\/post"}],"author":[{"embeddable":true,"href":"https:\/\/encuentroinformativo.com.mx\/index.php?rest_route=\/wp\/v2\/users\/1"}],"replies":[{"embeddable":true,"href":"https:\/\/encuentroinformativo.com.mx\/index.php?rest_route=%2Fwp%2Fv2%2Fcomments&post=28935"}],"version-history":[{"count":1,"href":"https:\/\/encuentroinformativo.com.mx\/index.php?rest_route=\/wp\/v2\/posts\/28935\/revisions"}],"predecessor-version":[{"id":28937,"href":"https:\/\/encuentroinformativo.com.mx\/index.php?rest_route=\/wp\/v2\/posts\/28935\/revisions\/28937"}],"wp:featuredmedia":[{"embeddable":true,"href":"https:\/\/encuentroinformativo.com.mx\/index.php?rest_route=\/wp\/v2\/media\/28936"}],"wp:attachment":[{"href":"https:\/\/encuentroinformativo.com.mx\/index.php?rest_route=%2Fwp%2Fv2%2Fmedia&parent=28935"}],"wp:term":[{"taxonomy":"category","embeddable":true,"href":"https:\/\/encuentroinformativo.com.mx\/index.php?rest_route=%2Fwp%2Fv2%2Fcategories&post=28935"},{"taxonomy":"post_tag","embeddable":true,"href":"https:\/\/encuentroinformativo.com.mx\/index.php?rest_route=%2Fwp%2Fv2%2Ftags&post=28935"}],"curies":[{"name":"wp","href":"https:\/\/api.w.org\/{rel}","templated":true}]}}