{"id":28938,"date":"2022-06-30T14:12:41","date_gmt":"2022-06-30T19:12:41","guid":{"rendered":"https:\/\/encuentroinformativo.com.mx\/?p=28938"},"modified":"2022-06-30T14:12:44","modified_gmt":"2022-06-30T19:12:44","slug":"investigan-posible-fallecimiento-de-migrantes-veracruzanos-en-texas","status":"publish","type":"post","link":"https:\/\/encuentroinformativo.com.mx\/?p=28938","title":{"rendered":"Investigan posible fallecimiento de migrantes veracruzanos en Texas"},"content":{"rendered":"\n<p><strong>Juan Arcos<\/strong><\/p>\n\n\n\n<p>Xalapa, Ver.- Autoridades estatales investigan cu\u00e1ntos veracruzanos fallecieron en la caja de un tr\u00e1iler en San Antonio, Texas, Estados Unidos, el pasado martes 28 de junio.<\/p>\n\n\n\n<p>Hasta el momento, se reporta la muerte de 53 personas indocumentadas, tras haber sido abandonadas por el conductor al interior de la unidad de carga pesada en el pa\u00eds vecino.<\/p>\n\n\n\n<p>De acuerdo con el director general de Atenci\u00f3n a Migrantes en Veracruz, Carlos Enrique Escalante Igual, hay tres personas del municipio de Naolinco, ubicado en la zona centro de la entidad, que se encuentran desaparecidas y que posiblemente viajaban hacinadas en dicho cami\u00f3n.<\/p>\n\n\n\n<p>\u201cTenemos expedientes armados de gente que ya se acerc\u00f3 con nosotros para reportar que sus hijos estaban en ese cami\u00f3n y los tenemos como desaparecidos en este momento\u201d, expres\u00f3.<\/p>\n\n\n\n<p>El funcionario estatal detall\u00f3 que fueron integrados tres expedientes de b\u00fasqueda, ya que una familia report\u00f3 a las autoridades que dos j\u00f3venes y un adulto se dirig\u00edan a San Antonio en un tr\u00e1iler.<\/p>\n\n\n\n<p>Los familiares detallaron a la Secretar\u00eda de Relaciones Exteriores (SRE) que el pasado lunes 27 de junio en la ma\u00f1ana recibieron una \u00faltima llamada de sus seres queridos, donde informaban que subir\u00edan a un tr\u00e1iler con destino a San Antonio, Texas.<\/p>\n\n\n\n<p>\u201cEstamos tratando de establecer contacto con la Canciller\u00eda para que nos diga cu\u00e1ntos veracruzanos hay en sus listas y en qu\u00e9 condici\u00f3n se encuentran\u201d, enfatiz\u00f3 Escalante Igual.<\/p>\n\n\n\n<p>La familia tambi\u00e9n detall\u00f3 que se trataba de dos hermanos y un hombre mayor que los guiaba en su trayecto hacia Estados Unidos.<\/p>\n\n\n\n<p>Adem\u00e1s, asegur\u00f3 que hasta este jueves 30 de junio ha sido la \u00fanica familia que se ha acercado a las autoridades con sospecha de que sus seres queridos podr\u00edan haber muerto o estar hospitalizados tras viajar en la caja de dicho cami\u00f3n.<\/p>\n\n\n\n<p>Esta ma\u00f1ana, un grupo de abogados de Migraci\u00f3n parti\u00f3 hacia Texas en busca de informaci\u00f3n sobre los veracruzanos que pudieron haber muerto ese d\u00eda. En caso de que se confirme oficialmente esta situaci\u00f3n, los cuerpos ser\u00edan repatriados en una semana.<\/p>\n","protected":false},"excerpt":{"rendered":"<p>Juan Arcos Xalapa, Ver.- Autoridades estatales investigan cu\u00e1ntos veracruzanos fallecieron en la caja de un tr\u00e1iler en San Antonio, Texas, Estados Unidos, el pasado martes 28 de junio. Hasta el momento, se reporta la muerte de 53 personas indocumentadas, tras haber sido abandonadas por el conductor al interior de la unidad de carga pesada en [&hellip;]<\/p>\n","protected":false},"author":1,"featured_media":28939,"comment_status":"open","ping_status":"open","sticky":false,"template":"","format":"standard","meta":{"_jetpack_memberships_contains_paid_content":false,"footnotes":""},"categories":[2],"tags":[],"class_list":["post-28938","post","type-post","status-publish","format-standard","has-post-thumbnail","hentry","category-estado"],"jetpack_featured_media_url":"https:\/\/encuentroinformativo.com.mx\/wp-content\/uploads\/2022\/06\/93E3A4CC-0E67-4119-BAE8-17521062619F.jpeg","jetpack_sharing_enabled":true,"jetpack_likes_enabled":true,"amp_enabled":true,"_links":{"self":[{"href":"https:\/\/encuentroinformativo.com.mx\/index.php?rest_route=\/wp\/v2\/posts\/28938","targetHints":{"allow":["GET"]}}],"collection":[{"href":"https:\/\/encuentroinformativo.com.mx\/index.php?rest_route=\/wp\/v2\/posts"}],"about":[{"href":"https:\/\/encuentroinformativo.com.mx\/index.php?rest_route=\/wp\/v2\/types\/post"}],"author":[{"embeddable":true,"href":"https:\/\/encuentroinformativo.com.mx\/index.php?rest_route=\/wp\/v2\/users\/1"}],"replies":[{"embeddable":true,"href":"https:\/\/encuentroinformativo.com.mx\/index.php?rest_route=%2Fwp%2Fv2%2Fcomments&post=28938"}],"version-history":[{"count":1,"href":"https:\/\/encuentroinformativo.com.mx\/index.php?rest_route=\/wp\/v2\/posts\/28938\/revisions"}],"predecessor-version":[{"id":28940,"href":"https:\/\/encuentroinformativo.com.mx\/index.php?rest_route=\/wp\/v2\/posts\/28938\/revisions\/28940"}],"wp:featuredmedia":[{"embeddable":true,"href":"https:\/\/encuentroinformativo.com.mx\/index.php?rest_route=\/wp\/v2\/media\/28939"}],"wp:attachment":[{"href":"https:\/\/encuentroinformativo.com.mx\/index.php?rest_route=%2Fwp%2Fv2%2Fmedia&parent=28938"}],"wp:term":[{"taxonomy":"category","embeddable":true,"href":"https:\/\/encuentroinformativo.com.mx\/index.php?rest_route=%2Fwp%2Fv2%2Fcategories&post=28938"},{"taxonomy":"post_tag","embeddable":true,"href":"https:\/\/encuentroinformativo.com.mx\/index.php?rest_route=%2Fwp%2Fv2%2Ftags&post=28938"}],"curies":[{"name":"wp","href":"https:\/\/api.w.org\/{rel}","templated":true}]}}