{"id":2894,"date":"2020-05-28T17:15:48","date_gmt":"2020-05-28T22:15:48","guid":{"rendered":"https:\/\/encuentroinformativo.com\/?p=2894"},"modified":"2020-05-28T17:15:50","modified_gmt":"2020-05-28T22:15:50","slug":"necesario-legislar-con-responsabilidad-jimenez-diaz","status":"publish","type":"post","link":"https:\/\/encuentroinformativo.com.mx\/?p=2894","title":{"rendered":"Necesario legislar con responsabilidad: Jim\u00e9nez D\u00edaz"},"content":{"rendered":"\n<p>Xalapa, Ver.- Como presidente de la Comisi\u00f3n Legislativa de Seguridad P\u00fablica, en el Congreso del Estado de Veracruz, nos toca tratar temas cruciales y de vital importancia para la seguridad y la impartici\u00f3n de justicia para los veracruzanos como: la designaci\u00f3n de Fiscal General del Estado de Veracruz y Fiscal Anti Corrupci\u00f3n, as\u00ed como la designaci\u00f3n de quien se va a encargar del Instituto Veracruzano de Acceso a la Informaci\u00f3n (IVAI).<\/p>\n\n\n\n<p>As\u00ed lo se\u00f1al\u00f3 el diputado local Carlos Jim\u00e9nez D\u00edaz \u201cEl Potrillo\u201d, quien destac\u00f3 que son temas vitales los que ocupan y han sido atendidos durante la sesi\u00f3n del Congreso Local. <\/p>\n\n\n\n<p>\u201cSon temas vitales para todos nosotros pues, los responsables de esas \u00e1reas, tienen la obligaci\u00f3n de darnos la certeza de que, en nuestra entidad, la investigaci\u00f3n criminal y el ejercicio de acci\u00f3n penal p\u00fablica, deben hacerse en estricto apego a Derecho, siguiendo un marco legal trazado desde el Poder Legislativo, respetando los Derechos Humanos y con transparencia en todos los aspectos, que es donde radica la importancia del responsable del IVAI\u201d.<\/p>\n\n\n\n<p>S\u00e9 que es un tema, por dem\u00e1s, pol\u00e9mico, debido a que, el encargado de Fiscalizar o Procurar Justicia, es tambi\u00e9n, el encargado de realizar las investigaciones necesarias, cuando de resolver un delito se trata, por ello, una fiscal\u00eda aut\u00f3noma, es de vital importancia para la buena aplicaci\u00f3n de las leyes que, en materia penal, se han hecho desde el Congreso y que, el Poder Judicial, respalda a la hora de la aplicaci\u00f3n de las mismas.<\/p>\n\n\n\n<p>Como representante del distrito de Misantla, agradezco su confianza; como Presidente de la Comisi\u00f3n Legislativa de Seguridad P\u00fablica, es para m\u00ed una alta responsabilidad, lograr una coordinaci\u00f3n eficaz entre los diferentes poderes del Estado y los organismos aut\u00f3nomos, en el manejo eficaz y responsable de la seguridad que tanta falta nos hace en Veracruz.<\/p>\n","protected":false},"excerpt":{"rendered":"<p>Xalapa, Ver.- Como presidente de la Comisi\u00f3n Legislativa de Seguridad P\u00fablica, en el Congreso del Estado de Veracruz, nos toca tratar temas cruciales y de vital importancia para la seguridad y la impartici\u00f3n de justicia para los veracruzanos como: la designaci\u00f3n de Fiscal General del Estado de Veracruz y Fiscal Anti Corrupci\u00f3n, as\u00ed como la [&hellip;]<\/p>\n","protected":false},"author":1,"featured_media":2895,"comment_status":"open","ping_status":"open","sticky":false,"template":"","format":"standard","meta":{"_jetpack_memberships_contains_paid_content":false,"footnotes":""},"categories":[2],"tags":[],"class_list":["post-2894","post","type-post","status-publish","format-standard","has-post-thumbnail","hentry","category-estado"],"jetpack_featured_media_url":"https:\/\/encuentroinformativo.com.mx\/wp-content\/uploads\/2020\/05\/2FFCEA8A-196A-4F92-ACD4-366E67AC1056.jpeg","jetpack_sharing_enabled":true,"jetpack_likes_enabled":true,"amp_enabled":true,"_links":{"self":[{"href":"https:\/\/encuentroinformativo.com.mx\/index.php?rest_route=\/wp\/v2\/posts\/2894","targetHints":{"allow":["GET"]}}],"collection":[{"href":"https:\/\/encuentroinformativo.com.mx\/index.php?rest_route=\/wp\/v2\/posts"}],"about":[{"href":"https:\/\/encuentroinformativo.com.mx\/index.php?rest_route=\/wp\/v2\/types\/post"}],"author":[{"embeddable":true,"href":"https:\/\/encuentroinformativo.com.mx\/index.php?rest_route=\/wp\/v2\/users\/1"}],"replies":[{"embeddable":true,"href":"https:\/\/encuentroinformativo.com.mx\/index.php?rest_route=%2Fwp%2Fv2%2Fcomments&post=2894"}],"version-history":[{"count":1,"href":"https:\/\/encuentroinformativo.com.mx\/index.php?rest_route=\/wp\/v2\/posts\/2894\/revisions"}],"predecessor-version":[{"id":2896,"href":"https:\/\/encuentroinformativo.com.mx\/index.php?rest_route=\/wp\/v2\/posts\/2894\/revisions\/2896"}],"wp:featuredmedia":[{"embeddable":true,"href":"https:\/\/encuentroinformativo.com.mx\/index.php?rest_route=\/wp\/v2\/media\/2895"}],"wp:attachment":[{"href":"https:\/\/encuentroinformativo.com.mx\/index.php?rest_route=%2Fwp%2Fv2%2Fmedia&parent=2894"}],"wp:term":[{"taxonomy":"category","embeddable":true,"href":"https:\/\/encuentroinformativo.com.mx\/index.php?rest_route=%2Fwp%2Fv2%2Fcategories&post=2894"},{"taxonomy":"post_tag","embeddable":true,"href":"https:\/\/encuentroinformativo.com.mx\/index.php?rest_route=%2Fwp%2Fv2%2Ftags&post=2894"}],"curies":[{"name":"wp","href":"https:\/\/api.w.org\/{rel}","templated":true}]}}