{"id":28941,"date":"2022-06-30T14:31:12","date_gmt":"2022-06-30T19:31:12","guid":{"rendered":"https:\/\/encuentroinformativo.com.mx\/?p=28941"},"modified":"2022-06-30T14:31:16","modified_gmt":"2022-06-30T19:31:16","slug":"iniciaran-reestructuracion-interna-de-morena","status":"publish","type":"post","link":"https:\/\/encuentroinformativo.com.mx\/?p=28941","title":{"rendered":"Iniciar\u00e1n reestructuraci\u00f3n interna de Morena"},"content":{"rendered":"\n<p><strong>Juan Arcos <\/strong><\/p>\n\n\n\n<p>Xalapa, Ver.- El partido del Movimiento de Regeneraci\u00f3n Nacional (Morena) comenzar\u00e1 una reestructuraci\u00f3n interna en los distintos \u00f3rganos de direcci\u00f3n, tanto a nivel estatal como nacional.<\/p>\n\n\n\n<p>De acuerdo con el secretario de organizaci\u00f3n de Morena en Veracruz, Yair Ademar Dom\u00ednguez V\u00e1zquez, se busca fortalecer la estructura del organismo pol\u00edtico para garantizar y consolidar la transformaci\u00f3n.<\/p>\n\n\n\n<p>A trav\u00e9s de un video publicado en sus redes sociales, hizo un llamado a la militancia para que con este proceso se demuestre la unidad, organizaci\u00f3n y fortaleza del partido .<\/p>\n\n\n\n<p>\u201cComo ya se ha dado a conocer en las pr\u00f3ximas semanas nuestro partido va a vivir un proceso interno en el cu\u00e1l se van a renovar todos los \u00f3rganos de direcci\u00f3n, tanto a nivel estatal como nacional, esto con la finalidad de fortalecer nuestra estructura y nuestra organizaci\u00f3n\u201d expres\u00f3.<\/p>\n\n\n\n<p>Dijo que la convocatoria es p\u00fablica y se\u00f1ala las fechas y el procedimiento a seguir. Adem\u00e1s, de que apel\u00f3 a la unidad de todas y todos los militantes as\u00ed como simpatizantes del movimiento.<\/p>\n\n\n\n<p>Agreg\u00f3 que no se debe permitir que las aspiraciones personales o intereses particulares se antepongan al proyecto de transformaci\u00f3n, pues se\u00f1al\u00f3 que no es momento de pelearse por cargos o espacios, sino de respaldar el Proyecto de Naci\u00f3n del presidente Andr\u00e9s Manuel L\u00f3pez Obrador.<\/p>\n\n\n\n<p>Insisti\u00f3 en que quienes forman parte del movimiento deber\u00e1n focalizar sus esfuerzos para construir los lazos que permitan dar continuidad a la transformaci\u00f3n en beneficio de las y los ciudadanos.<\/p>\n\n\n\n<p>\u201cSe va a renovar todo en un mes y medio que es lo que marca la convocatoria&#8221;, enfatiz\u00f3 Yair Ademar.<\/p>\n","protected":false},"excerpt":{"rendered":"<p>Juan Arcos Xalapa, Ver.- El partido del Movimiento de Regeneraci\u00f3n Nacional (Morena) comenzar\u00e1 una reestructuraci\u00f3n interna en los distintos \u00f3rganos de direcci\u00f3n, tanto a nivel estatal como nacional. De acuerdo con el secretario de organizaci\u00f3n de Morena en Veracruz, Yair Ademar Dom\u00ednguez V\u00e1zquez, se busca fortalecer la estructura del organismo pol\u00edtico para garantizar y consolidar [&hellip;]<\/p>\n","protected":false},"author":1,"featured_media":28942,"comment_status":"open","ping_status":"open","sticky":false,"template":"","format":"standard","meta":{"_jetpack_memberships_contains_paid_content":false,"footnotes":""},"categories":[2],"tags":[],"class_list":["post-28941","post","type-post","status-publish","format-standard","has-post-thumbnail","hentry","category-estado"],"jetpack_featured_media_url":"https:\/\/encuentroinformativo.com.mx\/wp-content\/uploads\/2022\/06\/D91E8223-7AF7-4FE6-A43B-3321458E5A0D.jpeg","jetpack_sharing_enabled":true,"jetpack_likes_enabled":true,"amp_enabled":true,"_links":{"self":[{"href":"https:\/\/encuentroinformativo.com.mx\/index.php?rest_route=\/wp\/v2\/posts\/28941","targetHints":{"allow":["GET"]}}],"collection":[{"href":"https:\/\/encuentroinformativo.com.mx\/index.php?rest_route=\/wp\/v2\/posts"}],"about":[{"href":"https:\/\/encuentroinformativo.com.mx\/index.php?rest_route=\/wp\/v2\/types\/post"}],"author":[{"embeddable":true,"href":"https:\/\/encuentroinformativo.com.mx\/index.php?rest_route=\/wp\/v2\/users\/1"}],"replies":[{"embeddable":true,"href":"https:\/\/encuentroinformativo.com.mx\/index.php?rest_route=%2Fwp%2Fv2%2Fcomments&post=28941"}],"version-history":[{"count":1,"href":"https:\/\/encuentroinformativo.com.mx\/index.php?rest_route=\/wp\/v2\/posts\/28941\/revisions"}],"predecessor-version":[{"id":28943,"href":"https:\/\/encuentroinformativo.com.mx\/index.php?rest_route=\/wp\/v2\/posts\/28941\/revisions\/28943"}],"wp:featuredmedia":[{"embeddable":true,"href":"https:\/\/encuentroinformativo.com.mx\/index.php?rest_route=\/wp\/v2\/media\/28942"}],"wp:attachment":[{"href":"https:\/\/encuentroinformativo.com.mx\/index.php?rest_route=%2Fwp%2Fv2%2Fmedia&parent=28941"}],"wp:term":[{"taxonomy":"category","embeddable":true,"href":"https:\/\/encuentroinformativo.com.mx\/index.php?rest_route=%2Fwp%2Fv2%2Fcategories&post=28941"},{"taxonomy":"post_tag","embeddable":true,"href":"https:\/\/encuentroinformativo.com.mx\/index.php?rest_route=%2Fwp%2Fv2%2Ftags&post=28941"}],"curies":[{"name":"wp","href":"https:\/\/api.w.org\/{rel}","templated":true}]}}