{"id":28947,"date":"2022-06-30T14:10:34","date_gmt":"2022-06-30T19:10:34","guid":{"rendered":"https:\/\/encuentroinformativo.com.mx\/?p=28947"},"modified":"2022-06-30T14:42:06","modified_gmt":"2022-06-30T19:42:06","slug":"durante-carnaval-aumentan-casos-de-acoso-y-violencia-a-mujeres","status":"publish","type":"post","link":"https:\/\/encuentroinformativo.com.mx\/?p=28947","title":{"rendered":"Durante Carnaval aumentan casos de acoso y violencia a mujeres"},"content":{"rendered":"\n<p><strong>Alejandro \u00c1vila<\/strong><\/p>\n\n\n\n<p>Veracruz, Ver.- La directora del Instituto Municipal de la Mujer de Veracruz, Blanca Aquino Santiago reconoci\u00f3 que, durante los festejos por el Carnaval los casos de acoso callejero y violencia f\u00edsica aumentan hasta un 80 por ciento.<\/p>\n\n\n\n<p>Agreg\u00f3 que estos casos no se presentan \u00fanicamente durante los conciertos masivos o los desfiles en el bulevar &#8220;Manuel \u00c1vila Camacho&#8221;, sino tambi\u00e9n durante el recorrido a sus casas, y en gran parte es debido a que los hombres se encuentra alcoholizada.<\/p>\n\n\n\n<p>Es por ello que el Ayuntamiento de Veracruz dispondr\u00e1 de m\u00f3dulos que dar\u00e1n asesor\u00eda a las mujeres que sufren alg\u00fan tipo de violencia, estos estar\u00e1n ubicados en: Z\u00f3calo de la ciudad, la Macroplaza del Malec\u00f3n y Asta Bandera en el bulevar &#8220;Manuel \u00c1vila Camacho&#8221;.<\/p>\n\n\n\n<p>Aunado a ello, dijo que, tambi\u00e9n contar\u00e1n con taxis seguros para trasladar a las mujeres.<\/p>\n\n\n\n<p>&#8220;La sinerg\u00eda tiene que ser la sororidad con m\u00e1s mujeres.<\/p>\n\n\n\n<p>La funcionaria municipal explic\u00f3 que, si bien en los m\u00f3dulos se brindar\u00e1n asesor\u00edas, si las mujeres posteriormente quieren proceder legalmente se las guiar\u00e1 para formalizar el tema.<\/p>\n","protected":false},"excerpt":{"rendered":"<p>Alejandro \u00c1vila Veracruz, Ver.- La directora del Instituto Municipal de la Mujer de Veracruz, Blanca Aquino Santiago reconoci\u00f3 que, durante los festejos por el Carnaval los casos de acoso callejero y violencia f\u00edsica aumentan hasta un 80 por ciento. Agreg\u00f3 que estos casos no se presentan \u00fanicamente durante los conciertos masivos o los desfiles en [&hellip;]<\/p>\n","protected":false},"author":1,"featured_media":28948,"comment_status":"open","ping_status":"open","sticky":false,"template":"","format":"standard","meta":{"_jetpack_memberships_contains_paid_content":false,"footnotes":""},"categories":[2],"tags":[],"class_list":["post-28947","post","type-post","status-publish","format-standard","has-post-thumbnail","hentry","category-estado"],"jetpack_featured_media_url":"https:\/\/encuentroinformativo.com.mx\/wp-content\/uploads\/2022\/06\/74286793-4CF3-4671-A08A-E930AC66D5B8.jpeg","jetpack_sharing_enabled":true,"jetpack_likes_enabled":true,"amp_enabled":true,"_links":{"self":[{"href":"https:\/\/encuentroinformativo.com.mx\/index.php?rest_route=\/wp\/v2\/posts\/28947","targetHints":{"allow":["GET"]}}],"collection":[{"href":"https:\/\/encuentroinformativo.com.mx\/index.php?rest_route=\/wp\/v2\/posts"}],"about":[{"href":"https:\/\/encuentroinformativo.com.mx\/index.php?rest_route=\/wp\/v2\/types\/post"}],"author":[{"embeddable":true,"href":"https:\/\/encuentroinformativo.com.mx\/index.php?rest_route=\/wp\/v2\/users\/1"}],"replies":[{"embeddable":true,"href":"https:\/\/encuentroinformativo.com.mx\/index.php?rest_route=%2Fwp%2Fv2%2Fcomments&post=28947"}],"version-history":[{"count":1,"href":"https:\/\/encuentroinformativo.com.mx\/index.php?rest_route=\/wp\/v2\/posts\/28947\/revisions"}],"predecessor-version":[{"id":28949,"href":"https:\/\/encuentroinformativo.com.mx\/index.php?rest_route=\/wp\/v2\/posts\/28947\/revisions\/28949"}],"wp:featuredmedia":[{"embeddable":true,"href":"https:\/\/encuentroinformativo.com.mx\/index.php?rest_route=\/wp\/v2\/media\/28948"}],"wp:attachment":[{"href":"https:\/\/encuentroinformativo.com.mx\/index.php?rest_route=%2Fwp%2Fv2%2Fmedia&parent=28947"}],"wp:term":[{"taxonomy":"category","embeddable":true,"href":"https:\/\/encuentroinformativo.com.mx\/index.php?rest_route=%2Fwp%2Fv2%2Fcategories&post=28947"},{"taxonomy":"post_tag","embeddable":true,"href":"https:\/\/encuentroinformativo.com.mx\/index.php?rest_route=%2Fwp%2Fv2%2Ftags&post=28947"}],"curies":[{"name":"wp","href":"https:\/\/api.w.org\/{rel}","templated":true}]}}