{"id":28964,"date":"2022-07-01T11:36:06","date_gmt":"2022-07-01T16:36:06","guid":{"rendered":"https:\/\/encuentroinformativo.com.mx\/?p=28964"},"modified":"2022-07-01T11:36:09","modified_gmt":"2022-07-01T16:36:09","slug":"realizan-supervision-de-gradas-para-carnaval","status":"publish","type":"post","link":"https:\/\/encuentroinformativo.com.mx\/?p=28964","title":{"rendered":"Realizan supervisi\u00f3n de gradas para Carnaval"},"content":{"rendered":"\n<p><strong>Alejandro \u00c1vila<\/strong><\/p>\n\n\n\n<p>Veracruz, Ver.- El director de Protecci\u00f3n Civil Municipal de Veracruz, Alfonso Garc\u00eda Cardona asegur\u00f3 que, nunca ha habido un problema de estructura con las gradas que se colocan durante el Carnaval.<\/p>\n\n\n\n<p>Las situaciones o problemas que se han dado en las mencionadas estructuras, ha sido porque sujetos en estado de ebriedad han ca\u00eddo de ellas, al no respetar los protocolos de seguridad.<\/p>\n\n\n\n<p>&#8220;No hay mayor problema, afortunadamente nunca se ha tenido un incidente con las gradas, a ver, con las gradas, a habido incidentes con gente que ya alcoholizadas o bajo los efectos del alcohol ha ca\u00eddo de las gradas, qu\u00e9 es completamente diferente a un accidente con la estructura&#8221;, apunt\u00f3.<\/p>\n\n\n\n<p>Este viernes a las 10 de la ma\u00f1ana inici\u00f3 el recorrido de supervisi\u00f3n de gradas, el cual estuvo a cargo de Protecci\u00f3n Civil municipal de Boca del R\u00edo y Veracruz, as\u00ed como, de personal de Protecci\u00f3n Civil Estatal.<\/p>\n\n\n\n<p>&#8220;Hay que ver que todos los elementos est\u00e1n fijos, es lo m\u00e1s importante, sobre todo m\u00e1s hincapi\u00e9 en lo que son barandales y los largueros, qu\u00e9 es donde se sienta la gente. Ya la parte de estabilidad se ir\u00e1 viendo poco a poco, afortunadamente para que una grada de esta se caiga, tiene que estar m\u00e1s del 60 por ciento, un poco m\u00e1s del 60 por ciento de los elementos estructurales muy flojos para que se pudiese caer&#8221;, detall\u00f3.<\/p>\n","protected":false},"excerpt":{"rendered":"<p>Alejandro \u00c1vila Veracruz, Ver.- El director de Protecci\u00f3n Civil Municipal de Veracruz, Alfonso Garc\u00eda Cardona asegur\u00f3 que, nunca ha habido un problema de estructura con las gradas que se colocan durante el Carnaval. Las situaciones o problemas que se han dado en las mencionadas estructuras, ha sido porque sujetos en estado de ebriedad han ca\u00eddo [&hellip;]<\/p>\n","protected":false},"author":1,"featured_media":28965,"comment_status":"open","ping_status":"open","sticky":false,"template":"","format":"standard","meta":{"_jetpack_memberships_contains_paid_content":false,"footnotes":""},"categories":[2],"tags":[],"class_list":["post-28964","post","type-post","status-publish","format-standard","has-post-thumbnail","hentry","category-estado"],"jetpack_featured_media_url":"https:\/\/encuentroinformativo.com.mx\/wp-content\/uploads\/2022\/07\/38F7F052-CCEC-435C-BEA3-1F2664C4C595.jpeg","jetpack_sharing_enabled":true,"jetpack_likes_enabled":true,"amp_enabled":true,"_links":{"self":[{"href":"https:\/\/encuentroinformativo.com.mx\/index.php?rest_route=\/wp\/v2\/posts\/28964","targetHints":{"allow":["GET"]}}],"collection":[{"href":"https:\/\/encuentroinformativo.com.mx\/index.php?rest_route=\/wp\/v2\/posts"}],"about":[{"href":"https:\/\/encuentroinformativo.com.mx\/index.php?rest_route=\/wp\/v2\/types\/post"}],"author":[{"embeddable":true,"href":"https:\/\/encuentroinformativo.com.mx\/index.php?rest_route=\/wp\/v2\/users\/1"}],"replies":[{"embeddable":true,"href":"https:\/\/encuentroinformativo.com.mx\/index.php?rest_route=%2Fwp%2Fv2%2Fcomments&post=28964"}],"version-history":[{"count":1,"href":"https:\/\/encuentroinformativo.com.mx\/index.php?rest_route=\/wp\/v2\/posts\/28964\/revisions"}],"predecessor-version":[{"id":28966,"href":"https:\/\/encuentroinformativo.com.mx\/index.php?rest_route=\/wp\/v2\/posts\/28964\/revisions\/28966"}],"wp:featuredmedia":[{"embeddable":true,"href":"https:\/\/encuentroinformativo.com.mx\/index.php?rest_route=\/wp\/v2\/media\/28965"}],"wp:attachment":[{"href":"https:\/\/encuentroinformativo.com.mx\/index.php?rest_route=%2Fwp%2Fv2%2Fmedia&parent=28964"}],"wp:term":[{"taxonomy":"category","embeddable":true,"href":"https:\/\/encuentroinformativo.com.mx\/index.php?rest_route=%2Fwp%2Fv2%2Fcategories&post=28964"},{"taxonomy":"post_tag","embeddable":true,"href":"https:\/\/encuentroinformativo.com.mx\/index.php?rest_route=%2Fwp%2Fv2%2Ftags&post=28964"}],"curies":[{"name":"wp","href":"https:\/\/api.w.org\/{rel}","templated":true}]}}