{"id":2897,"date":"2020-05-28T17:28:40","date_gmt":"2020-05-28T22:28:40","guid":{"rendered":"https:\/\/encuentroinformativo.com\/?p=2897"},"modified":"2020-05-28T17:28:43","modified_gmt":"2020-05-28T22:28:43","slug":"avala-congreso-a-veronica-hernandez-frente-a-la-fge","status":"publish","type":"post","link":"https:\/\/encuentroinformativo.com.mx\/?p=2897","title":{"rendered":"Avala Congreso a Ver\u00f3nica Hern\u00e1ndez frente a la FGE"},"content":{"rendered":"\n<p>Xalapa, Ver.- Este jueves los diputados locales eligieron a Ver\u00f3nica Hern\u00e1ndez Giad\u00e1ns como titular de la Fiscal\u00eda General del Estado de Veracruz, por un periodo de 9 a\u00f1os a partir de este d\u00eda.<\/p>\n\n\n\n<p>Durante la sesi\u00f3n ordinaria, destacaron que la persona mejor evaluada dentro del proceso de selecci\u00f3n del nuevo Fiscal General, fue Hern\u00e1ndez Giad\u00e1ns, por lo cual obtuvo los votos necesarios que establece la Constituci\u00f3n Pol\u00edtica del Estado de Veracruz.<\/p>\n\n\n\n<p>Tras la votaci\u00f3n celebrada en el pleno de sesiones, se decret\u00f3 un receso, para convocar a Ver\u00f3nica Hern\u00e1ndez a que rindiera protesta en el recinto legislativo, ah\u00ed jur\u00f3 cumplir y hacer cumplir la Constituci\u00f3n Pol\u00edtica de M\u00e9xico y la de Veracruz, as\u00ed como las leyes que de ellas emanan, con el objetivo de procurar justicia en la Entidad.<\/p>\n\n\n\n<p>Ver\u00f3nica Hern\u00e1ndez Giad\u00e1ns es licenciada en Derecho por la Facultad de Derecho de la Universidad Veracruzana. Su promedio de 9.82 durante su carrera y la tesis &#8220;Universidades y Tratado de Libre Comercio, el Nuevo Papel del Profesional del Derecho&#8221;, le vali\u00f3 que por unanimidad le otorgaran la Menci\u00f3n Honor\u00edfica al momento de presentar su examen profesional el 29 de septiembre de 1995.<\/p>\n\n\n\n<p>Ver\u00f3nica Hern\u00e1ndez fue avalada con 38 votos a favor y 12 en contra de la bancada albiazul del Poder Legislativo.  <\/p>\n\n\n\n<p><\/p>\n","protected":false},"excerpt":{"rendered":"<p>Xalapa, Ver.- Este jueves los diputados locales eligieron a Ver\u00f3nica Hern\u00e1ndez Giad\u00e1ns como titular de la Fiscal\u00eda General del Estado de Veracruz, por un periodo de 9 a\u00f1os a partir de este d\u00eda. Durante la sesi\u00f3n ordinaria, destacaron que la persona mejor evaluada dentro del proceso de selecci\u00f3n del nuevo Fiscal General, fue Hern\u00e1ndez Giad\u00e1ns, [&hellip;]<\/p>\n","protected":false},"author":1,"featured_media":2898,"comment_status":"open","ping_status":"open","sticky":false,"template":"","format":"standard","meta":{"_jetpack_memberships_contains_paid_content":false,"footnotes":""},"categories":[2],"tags":[],"class_list":["post-2897","post","type-post","status-publish","format-standard","has-post-thumbnail","hentry","category-estado"],"jetpack_featured_media_url":"https:\/\/encuentroinformativo.com.mx\/wp-content\/uploads\/2020\/05\/769C3DF9-6B5C-4B4D-9043-5C6E69DB77B1.jpeg","jetpack_sharing_enabled":true,"jetpack_likes_enabled":true,"amp_enabled":true,"_links":{"self":[{"href":"https:\/\/encuentroinformativo.com.mx\/index.php?rest_route=\/wp\/v2\/posts\/2897","targetHints":{"allow":["GET"]}}],"collection":[{"href":"https:\/\/encuentroinformativo.com.mx\/index.php?rest_route=\/wp\/v2\/posts"}],"about":[{"href":"https:\/\/encuentroinformativo.com.mx\/index.php?rest_route=\/wp\/v2\/types\/post"}],"author":[{"embeddable":true,"href":"https:\/\/encuentroinformativo.com.mx\/index.php?rest_route=\/wp\/v2\/users\/1"}],"replies":[{"embeddable":true,"href":"https:\/\/encuentroinformativo.com.mx\/index.php?rest_route=%2Fwp%2Fv2%2Fcomments&post=2897"}],"version-history":[{"count":1,"href":"https:\/\/encuentroinformativo.com.mx\/index.php?rest_route=\/wp\/v2\/posts\/2897\/revisions"}],"predecessor-version":[{"id":2899,"href":"https:\/\/encuentroinformativo.com.mx\/index.php?rest_route=\/wp\/v2\/posts\/2897\/revisions\/2899"}],"wp:featuredmedia":[{"embeddable":true,"href":"https:\/\/encuentroinformativo.com.mx\/index.php?rest_route=\/wp\/v2\/media\/2898"}],"wp:attachment":[{"href":"https:\/\/encuentroinformativo.com.mx\/index.php?rest_route=%2Fwp%2Fv2%2Fmedia&parent=2897"}],"wp:term":[{"taxonomy":"category","embeddable":true,"href":"https:\/\/encuentroinformativo.com.mx\/index.php?rest_route=%2Fwp%2Fv2%2Fcategories&post=2897"},{"taxonomy":"post_tag","embeddable":true,"href":"https:\/\/encuentroinformativo.com.mx\/index.php?rest_route=%2Fwp%2Fv2%2Ftags&post=2897"}],"curies":[{"name":"wp","href":"https:\/\/api.w.org\/{rel}","templated":true}]}}