{"id":28970,"date":"2022-07-01T12:35:29","date_gmt":"2022-07-01T17:35:29","guid":{"rendered":"https:\/\/encuentroinformativo.com.mx\/?p=28970"},"modified":"2022-07-01T12:35:32","modified_gmt":"2022-07-01T17:35:32","slug":"padres-reclaman-docentes-para-escuela-de-naolinco","status":"publish","type":"post","link":"https:\/\/encuentroinformativo.com.mx\/?p=28970","title":{"rendered":"Padres reclaman docentes para escuela de Naolinco"},"content":{"rendered":"\n<p><strong>Juan Arcos <\/strong><\/p>\n\n\n\n<p>Xalapa, Ver.- Madres y padres de familia acudieron a la Direcci\u00f3n General de Educaci\u00f3n Primaria Estatal (DGEPE) en esta ciudad de Xalapa para denunciar que desde que inici\u00f3 la pandemia por Sars-Cov2 (Covid-19), en marzo de 2020, carecen de dos profesores y director en la escuela primaria \u201cEnrique C. Rebsamen\u201d, ubicada en la localidad San Pablo Coapan, municipio de Naolinco.<\/p>\n\n\n\n<p>Las personas detallaron que hay varios estudiantes que carecen de profesores y, por ello, es necesario que las autoridades educativas efect\u00faen las asignaciones correspondientes.<\/p>\n\n\n\n<p>Las mam\u00e1s comentaron de manera an\u00f3nima que hay m\u00e1s de 300 alumnos que se est\u00e1n viendo afectados por la falta de director en el plantel.<\/p>\n\n\n\n<p>\u201cVenimos a solicitar a que se presenten maestros en la escuela. Hay muchos alumnos con un solo maestro. Necesitamos a dos maestros y al director\u201d, expresaron.<\/p>\n\n\n\n<p>Estas personas han protestado frente a Palacio de Gobierno y en las oficinas centrales de la Secretar\u00eda de Educaci\u00f3n de Veracruz (SEV); sin embargo, hasta el momento, no han obtenido una respuesta favorable.<\/p>\n\n\n\n<p>Las madres y padres de familia fueron recibidos por autoridades de la Direcci\u00f3n General de Educaci\u00f3n Primaria Estatal para dar seguimiento a sus demandas.<\/p>\n\n\n\n<p>Sin embargo, en caso de que no sea solucionado el problema, amagaron con protestar nuevamente en la capital del estado.<\/p>\n\n\n\n<p>\u201cSi no nos resuelven veremos qu\u00e9 medidas tomaremos. Seg\u00fan lo que resuelvan es c\u00f3mo nosotros vamos a proceder\u201d, sentenciaron.<\/p>\n\n\n\n<p>Temen que en el siguiente ciclo escolar 2022-2023 contin\u00faen las carencias de capital humano en la escuela primaria \u201cEnrique C. Rebsamen\u201d.\u00a0<\/p>\n","protected":false},"excerpt":{"rendered":"<p>Juan Arcos Xalapa, Ver.- Madres y padres de familia acudieron a la Direcci\u00f3n General de Educaci\u00f3n Primaria Estatal (DGEPE) en esta ciudad de Xalapa para denunciar que desde que inici\u00f3 la pandemia por Sars-Cov2 (Covid-19), en marzo de 2020, carecen de dos profesores y director en la escuela primaria \u201cEnrique C. Rebsamen\u201d, ubicada en la [&hellip;]<\/p>\n","protected":false},"author":2476,"featured_media":28968,"comment_status":"open","ping_status":"open","sticky":false,"template":"","format":"standard","meta":{"_jetpack_memberships_contains_paid_content":false,"footnotes":""},"categories":[8],"tags":[],"class_list":["post-28970","post","type-post","status-publish","format-standard","has-post-thumbnail","hentry","category-region"],"jetpack_featured_media_url":"https:\/\/encuentroinformativo.com.mx\/wp-content\/uploads\/2022\/07\/B308F56E-7ACD-40C2-8EEA-176BED389917.jpeg","jetpack_sharing_enabled":true,"jetpack_likes_enabled":true,"amp_enabled":true,"_links":{"self":[{"href":"https:\/\/encuentroinformativo.com.mx\/index.php?rest_route=\/wp\/v2\/posts\/28970","targetHints":{"allow":["GET"]}}],"collection":[{"href":"https:\/\/encuentroinformativo.com.mx\/index.php?rest_route=\/wp\/v2\/posts"}],"about":[{"href":"https:\/\/encuentroinformativo.com.mx\/index.php?rest_route=\/wp\/v2\/types\/post"}],"author":[{"embeddable":true,"href":"https:\/\/encuentroinformativo.com.mx\/index.php?rest_route=\/wp\/v2\/users\/2476"}],"replies":[{"embeddable":true,"href":"https:\/\/encuentroinformativo.com.mx\/index.php?rest_route=%2Fwp%2Fv2%2Fcomments&post=28970"}],"version-history":[{"count":1,"href":"https:\/\/encuentroinformativo.com.mx\/index.php?rest_route=\/wp\/v2\/posts\/28970\/revisions"}],"predecessor-version":[{"id":28971,"href":"https:\/\/encuentroinformativo.com.mx\/index.php?rest_route=\/wp\/v2\/posts\/28970\/revisions\/28971"}],"wp:featuredmedia":[{"embeddable":true,"href":"https:\/\/encuentroinformativo.com.mx\/index.php?rest_route=\/wp\/v2\/media\/28968"}],"wp:attachment":[{"href":"https:\/\/encuentroinformativo.com.mx\/index.php?rest_route=%2Fwp%2Fv2%2Fmedia&parent=28970"}],"wp:term":[{"taxonomy":"category","embeddable":true,"href":"https:\/\/encuentroinformativo.com.mx\/index.php?rest_route=%2Fwp%2Fv2%2Fcategories&post=28970"},{"taxonomy":"post_tag","embeddable":true,"href":"https:\/\/encuentroinformativo.com.mx\/index.php?rest_route=%2Fwp%2Fv2%2Ftags&post=28970"}],"curies":[{"name":"wp","href":"https:\/\/api.w.org\/{rel}","templated":true}]}}