{"id":28972,"date":"2022-07-01T13:41:09","date_gmt":"2022-07-01T18:41:09","guid":{"rendered":"https:\/\/encuentroinformativo.com.mx\/?p=28972"},"modified":"2022-07-01T13:41:12","modified_gmt":"2022-07-01T18:41:12","slug":"identifican-a-migrante-veracruzano-fallecido-en-texas","status":"publish","type":"post","link":"https:\/\/encuentroinformativo.com.mx\/?p=28972","title":{"rendered":"Identifican a migrante veracruzano fallecido en  Texas"},"content":{"rendered":"\n<p><strong>Juan Arcos<\/strong><\/p>\n\n\n\n<p>Xalapa, Ver.- Autoridades de Veracruz identificaron a un joven que muri\u00f3 en el tr\u00e1iler abandonado en San Antonio, Texas, Estados Unidos, el pasado lunes 27 de junio, donde se report\u00f3 el fallecimiento de 53 migrantes.<\/p>\n\n\n\n<p>El director general de Atenci\u00f3n a Migrantes en Veracruz, Carlos Enrique Escalante Igual, detall\u00f3 que se trata de un var\u00f3n, de 16 a\u00f1os, originario de la localidad San Marcos Atexquilapa, municipio de Naolinco.<\/p>\n\n\n\n<p>Se trata del primo de dos hermanos, de 16 y 19 a\u00f1os, quienes a\u00fan se encuentran desaparecidos, junto con otra persona tambi\u00e9n originaria del estado de Veracruz que posiblemente viajaba en la caja del cami\u00f3n de carga pesada.<\/p>\n\n\n\n<p>\u201cYa la Secretar\u00eda de Relaciones Exteriores nos confirm\u00f3 el fallecimiento de los muchachos de Naolinco. Ya de las cuatro carpetas de investigaci\u00f3n que ten\u00edamos como desaparecidos, desgraciadamente uno de ellos ya est\u00e1 como fallecido\u201d, expres\u00f3 el funcionario estatal.<\/p>\n\n\n\n<p>Los j\u00f3venes se dedicaban a la fabricaci\u00f3n de calzado de piel en Naolinco, un municipio de la regi\u00f3n capital de Veracruz, donde m\u00e1s del 80 por ciento de la poblaci\u00f3n elabora y comercializa zapatos.<\/p>\n\n\n\n<p>Los tres decidieron abandonar su ciudad natal en busca de mejores oportunidades laborales para comprarse una vivienda y un autom\u00f3vil.<\/p>\n\n\n\n<p>Tras el hallazgo del tr\u00e1iler con personas asfixiadas en Estados Unidos, familiares de los tres j\u00f3venes de Naolinco confirmaron haber pagado 200 mil pesos a un \u201cpollero\u201d para cruzarlos del estado de Tamaulipas a San Antonio, Texas.<\/p>\n\n\n\n<p>\u201cEstamos esperando que pueda avanzar un poco m\u00e1s la investigaci\u00f3n, entendemos que la investigaci\u00f3n ha ido un poco lenta por la participaci\u00f3n de autoridades federales en los Estados Unidos\u201d, enfatiz\u00f3 Escalante Igual.<\/p>\n\n\n\n<p>El Director General de Atenci\u00f3n a Migrantes asegur\u00f3 que se iniciar\u00e1 el proceso de repatriaci\u00f3n del cuerpo del joven fallecido, situaci\u00f3n que podr\u00eda demorar una semana.<\/p>\n","protected":false},"excerpt":{"rendered":"<p>Juan Arcos Xalapa, Ver.- Autoridades de Veracruz identificaron a un joven que muri\u00f3 en el tr\u00e1iler abandonado en San Antonio, Texas, Estados Unidos, el pasado lunes 27 de junio, donde se report\u00f3 el fallecimiento de 53 migrantes. El director general de Atenci\u00f3n a Migrantes en Veracruz, Carlos Enrique Escalante Igual, detall\u00f3 que se trata de [&hellip;]<\/p>\n","protected":false},"author":2476,"featured_media":28973,"comment_status":"open","ping_status":"open","sticky":false,"template":"","format":"standard","meta":{"_jetpack_memberships_contains_paid_content":false,"footnotes":""},"categories":[2,13],"tags":[],"class_list":["post-28972","post","type-post","status-publish","format-standard","has-post-thumbnail","hentry","category-estado","category-internacional"],"jetpack_featured_media_url":"https:\/\/encuentroinformativo.com.mx\/wp-content\/uploads\/2022\/07\/6FB4E962-BC58-4CFA-AABD-3B3A20927421.jpeg","jetpack_sharing_enabled":true,"jetpack_likes_enabled":true,"amp_enabled":true,"_links":{"self":[{"href":"https:\/\/encuentroinformativo.com.mx\/index.php?rest_route=\/wp\/v2\/posts\/28972","targetHints":{"allow":["GET"]}}],"collection":[{"href":"https:\/\/encuentroinformativo.com.mx\/index.php?rest_route=\/wp\/v2\/posts"}],"about":[{"href":"https:\/\/encuentroinformativo.com.mx\/index.php?rest_route=\/wp\/v2\/types\/post"}],"author":[{"embeddable":true,"href":"https:\/\/encuentroinformativo.com.mx\/index.php?rest_route=\/wp\/v2\/users\/2476"}],"replies":[{"embeddable":true,"href":"https:\/\/encuentroinformativo.com.mx\/index.php?rest_route=%2Fwp%2Fv2%2Fcomments&post=28972"}],"version-history":[{"count":1,"href":"https:\/\/encuentroinformativo.com.mx\/index.php?rest_route=\/wp\/v2\/posts\/28972\/revisions"}],"predecessor-version":[{"id":28974,"href":"https:\/\/encuentroinformativo.com.mx\/index.php?rest_route=\/wp\/v2\/posts\/28972\/revisions\/28974"}],"wp:featuredmedia":[{"embeddable":true,"href":"https:\/\/encuentroinformativo.com.mx\/index.php?rest_route=\/wp\/v2\/media\/28973"}],"wp:attachment":[{"href":"https:\/\/encuentroinformativo.com.mx\/index.php?rest_route=%2Fwp%2Fv2%2Fmedia&parent=28972"}],"wp:term":[{"taxonomy":"category","embeddable":true,"href":"https:\/\/encuentroinformativo.com.mx\/index.php?rest_route=%2Fwp%2Fv2%2Fcategories&post=28972"},{"taxonomy":"post_tag","embeddable":true,"href":"https:\/\/encuentroinformativo.com.mx\/index.php?rest_route=%2Fwp%2Fv2%2Ftags&post=28972"}],"curies":[{"name":"wp","href":"https:\/\/api.w.org\/{rel}","templated":true}]}}