{"id":28989,"date":"2022-07-02T15:16:37","date_gmt":"2022-07-02T20:16:37","guid":{"rendered":"https:\/\/encuentroinformativo.com.mx\/?p=28989"},"modified":"2022-07-02T15:16:40","modified_gmt":"2022-07-02T20:16:40","slug":"van-dos-veracruzanos-identificados-en-trailer-de-migrantes-de-texas","status":"publish","type":"post","link":"https:\/\/encuentroinformativo.com.mx\/?p=28989","title":{"rendered":"Van dos veracruzanos identificados en tr\u00e1iler de migrantes de Texas"},"content":{"rendered":"\n<p><strong>Dar\u00edo Pale<\/strong><\/p>\n\n\n\n<p>Xalapa, Ver.- El director de Atenci\u00f3n a Migrantes en el Estado, Carlos Escalante Igual, confirm\u00f3 oficialmente que se han identificado a dos migrantes veracruzanos en el grupo de 27 mexicanos muertos en San Antonio Texas.<\/p>\n\n\n\n<p>En entrevista se\u00f1al\u00f3 que son de Naolinco y de Santiago Sochiapa, el segundo en identificar es Julio Marcial, explic\u00f3 que este mismo s\u00e1bado se confirmar\u00eda si otros dos cuerpos encontrados corresponden a Ja\u00edr y Yiovani de San Marcos Atexquilapan, comunidad del municipio de Naolinco.<\/p>\n\n\n\n<p>Dio a conocer que si bien tiene indicios de que hab\u00eda m\u00e1s veracruzanos en el tr\u00e1iler en el que se asfixiaron m\u00e1s de 50 migrantes, por credenciales de elector que se encontraron en el lugar, ser\u00e1n cuidadosos con la informaci\u00f3n para no alertar a la poblaci\u00f3n.<\/p>\n\n\n\n<p>Para dar con la familia de los otros migrantes veracruzanos se dar\u00e1 un acercamiento con alcaldes para que sean ellos el v\u00ednculo, con la idea de poder repatriar los restos, lo m\u00e1s pronto posible.<\/p>\n\n\n\n<p>\u201cOficialmente hay dos identificados, lo que han dicho otros medios es que est\u00e1n jugando a que se van a identificar. Los pap\u00e1s est\u00e1n yendo hoy a las oficinas de Relaciones Exteriores, seguramente se van a confirmar, es cuesti\u00f3n de horas\u201d, explic\u00f3.<\/p>\n\n\n\n<p>Es importante recordar que Rub\u00e9n Minutti, c\u00f3nsul general de M\u00e9xico en San Antonio Texas, inform\u00f3 que, entre los 27 migrantes mexicanos que murieron en un tr\u00e1iler en esa ciudad el pasado 27 de junio, hay personas veracruzanas y de otras siete entidades del pa\u00eds.<\/p>\n\n\n\n<p>A la fecha se mencion\u00f3 cuatro, dos por confirmar este mismo s\u00e1bado del grupo de 27 mexicanos localizados en el tr\u00e1iler de San Antonio Texas, eran veracruzanos.<\/p>\n\n\n\n<p>\u201cPosiblemente haya m\u00e1s y vamos a esperar a que pap\u00e1s se comuniquen y vamos a empezar una b\u00fasqueda para saber si est\u00e1n en calidad de desaparecidos y vamos a empezar a hacer la b\u00fasqueda con los alcaldes&#8221;, se\u00f1al\u00f3.<\/p>\n\n\n\n<p>Finalmente dio a conocer que el jueves 30 de junio, Garc\u00eda Escalante coment\u00f3 que la Secretar\u00eda de Relaciones Exteriores le hab\u00eda notificado que se habr\u00edan encontrado dos credenciales de j\u00f3venes con domicilio en el Estado de Veracruz.<\/p>\n","protected":false},"excerpt":{"rendered":"<p>Dar\u00edo Pale Xalapa, Ver.- El director de Atenci\u00f3n a Migrantes en el Estado, Carlos Escalante Igual, confirm\u00f3 oficialmente que se han identificado a dos migrantes veracruzanos en el grupo de 27 mexicanos muertos en San Antonio Texas. En entrevista se\u00f1al\u00f3 que son de Naolinco y de Santiago Sochiapa, el segundo en identificar es Julio Marcial, [&hellip;]<\/p>\n","protected":false},"author":1,"featured_media":28990,"comment_status":"open","ping_status":"open","sticky":false,"template":"","format":"standard","meta":{"_jetpack_memberships_contains_paid_content":false,"footnotes":""},"categories":[2],"tags":[],"class_list":["post-28989","post","type-post","status-publish","format-standard","has-post-thumbnail","hentry","category-estado"],"jetpack_featured_media_url":"https:\/\/encuentroinformativo.com.mx\/wp-content\/uploads\/2022\/07\/CB9F48DD-87D9-4AF6-A67F-AF3E1E67C710.jpeg","jetpack_sharing_enabled":true,"jetpack_likes_enabled":true,"amp_enabled":true,"_links":{"self":[{"href":"https:\/\/encuentroinformativo.com.mx\/index.php?rest_route=\/wp\/v2\/posts\/28989","targetHints":{"allow":["GET"]}}],"collection":[{"href":"https:\/\/encuentroinformativo.com.mx\/index.php?rest_route=\/wp\/v2\/posts"}],"about":[{"href":"https:\/\/encuentroinformativo.com.mx\/index.php?rest_route=\/wp\/v2\/types\/post"}],"author":[{"embeddable":true,"href":"https:\/\/encuentroinformativo.com.mx\/index.php?rest_route=\/wp\/v2\/users\/1"}],"replies":[{"embeddable":true,"href":"https:\/\/encuentroinformativo.com.mx\/index.php?rest_route=%2Fwp%2Fv2%2Fcomments&post=28989"}],"version-history":[{"count":1,"href":"https:\/\/encuentroinformativo.com.mx\/index.php?rest_route=\/wp\/v2\/posts\/28989\/revisions"}],"predecessor-version":[{"id":28991,"href":"https:\/\/encuentroinformativo.com.mx\/index.php?rest_route=\/wp\/v2\/posts\/28989\/revisions\/28991"}],"wp:featuredmedia":[{"embeddable":true,"href":"https:\/\/encuentroinformativo.com.mx\/index.php?rest_route=\/wp\/v2\/media\/28990"}],"wp:attachment":[{"href":"https:\/\/encuentroinformativo.com.mx\/index.php?rest_route=%2Fwp%2Fv2%2Fmedia&parent=28989"}],"wp:term":[{"taxonomy":"category","embeddable":true,"href":"https:\/\/encuentroinformativo.com.mx\/index.php?rest_route=%2Fwp%2Fv2%2Fcategories&post=28989"},{"taxonomy":"post_tag","embeddable":true,"href":"https:\/\/encuentroinformativo.com.mx\/index.php?rest_route=%2Fwp%2Fv2%2Ftags&post=28989"}],"curies":[{"name":"wp","href":"https:\/\/api.w.org\/{rel}","templated":true}]}}